{"id":12916,"date":"2021-02-12T20:00:47","date_gmt":"2021-02-12T20:00:47","guid":{"rendered":"https:\/\/oparanews.com.br\/?p=12916"},"modified":"2021-02-12T20:00:47","modified_gmt":"2021-02-12T20:00:47","slug":"prefeito-ronaldo-lopes-apresenta-necessidades-de-penedo-para-equatorial","status":"publish","type":"post","link":"https:\/\/www.oparanews.com.br\/index.php\/2021\/02\/12\/prefeito-ronaldo-lopes-apresenta-necessidades-de-penedo-para-equatorial\/","title":{"rendered":"Prefeito Ronaldo Lopes apresenta necessidades de Penedo para Equatorial"},"content":{"rendered":"<p>Uma cidade em ritmo acelerado de desenvolvimento precisa ter infraestrutura que suporte o progresso. Penedo se encontra nesse patamar e por isso investe \u2013 dentre outros setores, como sa\u00fade e educa\u00e7\u00e3o \u2013 em mobilidade urbana e saneamento b\u00e1sico.<\/p>\n<p>A cidade polo do Baixo S\u00e3o Francisco tem projetos prontos, conclu\u00eddos e em execu\u00e7\u00e3o, obras coordenadas pelo engenheiro Ronaldo Lopes desde 2013, quando o ent\u00e3o prefeito Marcius Beltr\u00e3o lhe delegou a responsabilidade.<\/p>\n<p>Agora, Ronaldo Lopes trabalha em busca de novos avan\u00e7os e j\u00e1 colhe os resultados de seu empenho. Ele apresentou reivindica\u00e7\u00f5es do munic\u00edpio \u00e0 Equatorial, empresa distribuidora de energia el\u00e9trica para Alagoas, e obteve retorno positivo.<\/p>\n<p>\u201cPenedo precisa de investimentos em alta e baixa tens\u00e3o, tanto na \u00e1rea urbana quanto na zona rural. O nosso setor de ilumina\u00e7\u00e3o p\u00fablica fez um levantamento que mostra, por exemplo, como o bairro Dom Constantino cresceu e precisa receber melhorias em sua rede de energia\u201d, explica Ronaldo Lopes.<\/p>\n<p><strong>Zona rural<\/strong><\/p>\n<p>O Prefeito de Penedo tamb\u00e9m ressalta que o servi\u00e7o precisa ser aperfei\u00e7oado para o homem do campo, \u201cprincipalmente nos povoados mais pr\u00f3ximos de Pindorama\u201d, onde a prioridade \u00e9 instalar transformadores, isoladores e novos cabos para melhorar a rede.<\/p>\n<p>\u201cN\u00f3s mostramos a urg\u00eancia desse trabalho e j\u00e1 conseguimos a amplia\u00e7\u00e3o para moradores da comunidade Imbira 2, onde quinze casas ainda n\u00e3o t\u00eam energia el\u00e9trica. Essa reivindica\u00e7\u00e3o foi apresentada pela vereadora Raquel Tavares, e a Equatorial informou que vai resolver\u201d, destaca Lopes.<\/p>\n<p><strong>LED e turismo<\/strong><\/p>\n<p>Outra boa not\u00edcia \u00e9 a destina\u00e7\u00e3o de 1.200 l\u00e2mpadas de LED. \u201cEsse investimento na nossa ilumina\u00e7\u00e3o p\u00fablica vir\u00e1 por meio de parceria com a Equatorial. Vamos trabalhar em conjunto para instalar nas principais ruas de Penedo\u201d, informa, acrescentando que o im\u00f3vel conhecido como \u2018pr\u00e9dio da Ceal\u2019 est\u00e1 em estudo para cess\u00e3o ao munic\u00edpio.<\/p>\n<p>O objetivo \u00e9 utilizar o casar\u00e3o situado no Centro Hist\u00f3rico no projeto de investimentos em turismo. O pr\u00e9dio antigo tem vista privilegiada do Rio S\u00e3o e \u00e9 vizinho de atrativos importantes, como a Igreja de Nossa Senhora da Corrente e Museu do Pa\u00e7o Imperial\/Memorial Raimundo Marinho.<\/p>\n<p>Gerar emprego e renda por meio de atividades tur\u00edsticas \u00e9 uma das plataformas do governo Ronaldo Lopes\/Jo\u00e3o Lucas.<\/p>\n<p>\u201cN\u00f3s j\u00e1 temos dois novos hot\u00e9is pr\u00f3ximos de abrir as portas, um na parte alta da cidade e o outro no Centro Hist\u00f3rico. Tamb\u00e9m existem empres\u00e1rios interessados em abrir pousadas aqui e tudo isso requer mais investimentos em energia el\u00e9trica. Apresentamos essa demanda crescente \u00e0 Equatorial, que est\u00e1 receptiva em nos atender\u201d, afirmou.<\/p>\n<p>O Prefeito de Penedo est\u00e1 confiante com o retorno da empresa que investir\u00e1 cinco milh\u00f5es de reais na subesta\u00e7\u00e3o localizada \u00e0 margem da rodovia AL 101 Sul, na sa\u00edda de Penedo para Pia\u00e7abu\u00e7u, mais uma \u00f3tima novidade para o Baixo S\u00e3o Francisco e o Litoral Sul de Alagoas.<\/p>\n<p>&nbsp;<\/p>\n<p><strong>por Fernando Vin\u00edcius \u2013 Decom PMP<\/strong><\/p>\n<p>&nbsp;<\/p>\n","protected":false},"excerpt":{"rendered":"<p>Uma cidade em ritmo acelerado de desenvolvimento precisa ter infraestrutura que suporte o progresso. Penedo se encontra nesse patamar e por isso investe \u2013 dentre outros setores, como sa\u00fade e educa\u00e7\u00e3o \u2013 em mobilidade urbana e saneamento b\u00e1sico. A cidade polo do Baixo S\u00e3o Francisco tem projetos prontos, conclu\u00eddos e em execu\u00e7\u00e3o, obras coordenadas pelo &hellip;<\/p>\n","protected":false},"author":1,"featured_media":12917,"comment_status":"closed","ping_status":"closed","sticky":false,"template":"","format":"standard","meta":{"_jetpack_newsletter_access":"","_jetpack_dont_email_post_to_subs":false,"_jetpack_newsletter_tier_id":0,"_jetpack_memberships_contains_paywalled_content":false,"_jetpack_memberships_contains_paid_content":false,"footnotes":""},"categories":[1],"tags":[],"class_list":["post-12916","post","type-post","status-publish","format-standard","has-post-thumbnail","hentry","category-destaque"],"jetpack_sharing_enabled":true,"jetpack_featured_media_url":"","_links":{"self":[{"href":"https:\/\/www.oparanews.com.br\/index.php\/wp-json\/wp\/v2\/posts\/12916","targetHints":{"allow":["GET"]}}],"collection":[{"href":"https:\/\/www.oparanews.com.br\/index.php\/wp-json\/wp\/v2\/posts"}],"about":[{"href":"https:\/\/www.oparanews.com.br\/index.php\/wp-json\/wp\/v2\/types\/post"}],"author":[{"embeddable":true,"href":"https:\/\/www.oparanews.com.br\/index.php\/wp-json\/wp\/v2\/users\/1"}],"replies":[{"embeddable":true,"href":"https:\/\/www.oparanews.com.br\/index.php\/wp-json\/wp\/v2\/comments?post=12916"}],"version-history":[{"count":0,"href":"https:\/\/www.oparanews.com.br\/index.php\/wp-json\/wp\/v2\/posts\/12916\/revisions"}],"wp:attachment":[{"href":"https:\/\/www.oparanews.com.br\/index.php\/wp-json\/wp\/v2\/media?parent=12916"}],"wp:term":[{"taxonomy":"category","embeddable":true,"href":"https:\/\/www.oparanews.com.br\/index.php\/wp-json\/wp\/v2\/categories?post=12916"},{"taxonomy":"post_tag","embeddable":true,"href":"https:\/\/www.oparanews.com.br\/index.php\/wp-json\/wp\/v2\/tags?post=12916"}],"curies":[{"name":"wp","href":"https:\/\/api.w.org\/{rel}","templated":true}]}}