{"id":12919,"date":"2021-02-13T20:11:39","date_gmt":"2021-02-13T20:11:39","guid":{"rendered":"https:\/\/oparanews.com.br\/?p=12919"},"modified":"2021-02-13T20:11:39","modified_gmt":"2021-02-13T20:11:39","slug":"alagoas-registra-626-novos-casos-e-mais-8-mortes-por-covid-19","status":"publish","type":"post","link":"https:\/\/www.oparanews.com.br\/index.php\/2021\/02\/13\/alagoas-registra-626-novos-casos-e-mais-8-mortes-por-covid-19\/","title":{"rendered":"Alagoas registra 626 novos casos e mais 8 mortes por Covid-19"},"content":{"rendered":"<p>Mais oito pessoas morreram de Covid-19 em Alagoas. O estado contabilizou 2.856 \u00f3bitos desde o come\u00e7o da pandemia. Os n\u00fameros s\u00e3o do boletim epidemiol\u00f3gico da Secretaria de Estado da Sa\u00fade (Sesau) deste s\u00e1bado (13).<\/p>\n<p>Nas \u00faltimas 24 horas, 626 novos casos foram confirmados no estado. O total de casos confirmados subiu para 123.625. H\u00e1 8.433 casos suspeitos.<\/p>\n<p>Macei\u00f3 confirmou 379 casos e quatro \u00f3bitos por Covid-19 nas \u00faltimas 24 horas. A capital registrou 46.954 casos e 1.286 mortes desde o in\u00edcio da pandemia.<\/p>\n<p>Em todo o estado, 117.956 pessoas se recuperaram da doen\u00e7a.<\/p>\n<p>2.377 pessoas com diagn\u00f3stico para a doen\u00e7a est\u00e3o em isolamento domiciliar.<\/p>\n<p>O boletim mais recente sobre ocupa\u00e7\u00e3o hospitalar, divulgado na tarde dessa sexta (12), mostrou que 50% dos 800 leitos exclusivos para Covid-19 estavam ocupados. E dos 239 leitos de UTI, 59% estavam ocupados.<\/p>\n<p><strong>Mais oito mortes por Covid-19<\/strong><\/p>\n<p>Macei\u00f3: Homem, 44 anos \u2013 hepatopatia<br \/>\nMacei\u00f3: Homem, 66 anos \u2013 sem comorbidades<br \/>\nMacei\u00f3: Mulher, 65 anos \u2013 obesa e hipertensa<br \/>\nMacei\u00f3: Mulher, 80 anos \u2013 hipertensa<br \/>\nIgaci: Homem, 62 anos \u2013 obeso, diabetes e doen\u00e7a cardiovascular cr\u00f4nica<br \/>\nCol\u00f4nia Leopoldina: Homem, 64 anos \u2013 sem comorbidades<br \/>\nArapiraca: Homem, 82 anos \u2013 diab\u00e9tico<br \/>\nS\u00e3o Jos\u00e9 da Tapera: Mulher, 78 anos \u2013 hipertensa e diab\u00e9tica<\/p>\n<p>&nbsp;<\/p>\n<p><strong>Fonte: G1\/AL<\/strong><\/p>\n<p>&nbsp;<\/p>\n","protected":false},"excerpt":{"rendered":"<p>Mais oito pessoas morreram de Covid-19 em Alagoas. O estado contabilizou 2.856 \u00f3bitos desde o come\u00e7o da pandemia. Os n\u00fameros s\u00e3o do boletim epidemiol\u00f3gico da Secretaria de Estado da Sa\u00fade (Sesau) deste s\u00e1bado (13). Nas \u00faltimas 24 horas, 626 novos casos foram confirmados no estado. O total de casos confirmados subiu para 123.625. H\u00e1 8.433 &hellip;<\/p>\n","protected":false},"author":1,"featured_media":7310,"comment_status":"closed","ping_status":"closed","sticky":false,"template":"","format":"standard","meta":{"_jetpack_newsletter_access":"","_jetpack_dont_email_post_to_subs":false,"_jetpack_newsletter_tier_id":0,"_jetpack_memberships_contains_paywalled_content":false,"_jetpack_memberships_contains_paid_content":false,"footnotes":""},"categories":[1],"tags":[],"class_list":["post-12919","post","type-post","status-publish","format-standard","has-post-thumbnail","hentry","category-destaque"],"jetpack_sharing_enabled":true,"jetpack_featured_media_url":"","_links":{"self":[{"href":"https:\/\/www.oparanews.com.br\/index.php\/wp-json\/wp\/v2\/posts\/12919","targetHints":{"allow":["GET"]}}],"collection":[{"href":"https:\/\/www.oparanews.com.br\/index.php\/wp-json\/wp\/v2\/posts"}],"about":[{"href":"https:\/\/www.oparanews.com.br\/index.php\/wp-json\/wp\/v2\/types\/post"}],"author":[{"embeddable":true,"href":"https:\/\/www.oparanews.com.br\/index.php\/wp-json\/wp\/v2\/users\/1"}],"replies":[{"embeddable":true,"href":"https:\/\/www.oparanews.com.br\/index.php\/wp-json\/wp\/v2\/comments?post=12919"}],"version-history":[{"count":0,"href":"https:\/\/www.oparanews.com.br\/index.php\/wp-json\/wp\/v2\/posts\/12919\/revisions"}],"wp:attachment":[{"href":"https:\/\/www.oparanews.com.br\/index.php\/wp-json\/wp\/v2\/media?parent=12919"}],"wp:term":[{"taxonomy":"category","embeddable":true,"href":"https:\/\/www.oparanews.com.br\/index.php\/wp-json\/wp\/v2\/categories?post=12919"},{"taxonomy":"post_tag","embeddable":true,"href":"https:\/\/www.oparanews.com.br\/index.php\/wp-json\/wp\/v2\/tags?post=12919"}],"curies":[{"name":"wp","href":"https:\/\/api.w.org\/{rel}","templated":true}]}}