{"id":12921,"date":"2021-02-13T20:14:07","date_gmt":"2021-02-13T20:14:07","guid":{"rendered":"https:\/\/oparanews.com.br\/?p=12921"},"modified":"2021-02-13T20:14:07","modified_gmt":"2021-02-13T20:14:07","slug":"gilmar-mendes-concede-liberdade-a-marcelo-crivella","status":"publish","type":"post","link":"https:\/\/www.oparanews.com.br\/index.php\/2021\/02\/13\/gilmar-mendes-concede-liberdade-a-marcelo-crivella\/","title":{"rendered":"Gilmar Mendes concede liberdade a Marcelo Crivella"},"content":{"rendered":"<p>O ministro do Supremo Tribunal Federal (STF) Gilmar Mendes revogou, nesta sexta-feira (12), a pris\u00e3o domiciliar do ex-prefeito do Rio, Marcelo Crivella. Com a decis\u00e3o, o pol\u00edtico dever\u00e1 ser colocado em liberdade nos pr\u00f3ximos dias.<\/p>\n<p>O ministro rejeitou um habeas corpus da defesa, mas decidiu conceder a liberdade por iniciativa pr\u00f3pria \u2013 &#8220;de of\u00edcio&#8221;, no jarg\u00e3o jur\u00eddico. Gilmar Mendes determinou que Crivella ter\u00e1 que entregar seus passaportes em at\u00e9 48 horas e n\u00e3o poder\u00e1 manter contato com outros investigados.<\/p>\n<p>Crivella est\u00e1 em pris\u00e3o domiciliar desde o dia 23 de dezembro. Ele chegou a passar um dia no pres\u00eddio de Benfica, no Rio, mas foi transferido para casa por determina\u00e7\u00e3o do presidente do Superior Tribunal de Justi\u00e7a (STJ), Humberto Martins.<\/p>\n<p>A pris\u00e3o preventiva do ent\u00e3o prefeito tinha sido autorizada pelo pr\u00f3prio STJ e, depois, confirmada em audi\u00eancia de cust\u00f3dia. Na pris\u00e3o domiciliar, Crivella foi monitorado com tornozeleira eletr\u00f4nica e seguiu afastado do cargo at\u00e9 o fim do mandato, em 31 de dezembro.<\/p>\n<p>O ex-prefeito \u00e9 investigado por suposta participa\u00e7\u00e3o num esquema de um &#8220;QG da Propina&#8221; na Prefeitura do Rio. No esquema, de acordo com as apura\u00e7\u00f5es do MP, empres\u00e1rios pagavam para ter acesso a contratos e para receber valores que eram devidos pela gest\u00e3o municipal.<\/p>\n<p>&nbsp;<\/p>\n<p><strong>Fonte: G1<\/strong><\/p>\n<p>&nbsp;<\/p>\n","protected":false},"excerpt":{"rendered":"<p>O ministro do Supremo Tribunal Federal (STF) Gilmar Mendes revogou, nesta sexta-feira (12), a pris\u00e3o domiciliar do ex-prefeito do Rio, Marcelo Crivella. Com a decis\u00e3o, o pol\u00edtico dever\u00e1 ser colocado em liberdade nos pr\u00f3ximos dias. O ministro rejeitou um habeas corpus da defesa, mas decidiu conceder a liberdade por iniciativa pr\u00f3pria \u2013 &#8220;de of\u00edcio&#8221;, no &hellip;<\/p>\n","protected":false},"author":1,"featured_media":12922,"comment_status":"closed","ping_status":"closed","sticky":false,"template":"","format":"standard","meta":{"_jetpack_newsletter_access":"","_jetpack_dont_email_post_to_subs":false,"_jetpack_newsletter_tier_id":0,"_jetpack_memberships_contains_paywalled_content":false,"_jetpack_memberships_contains_paid_content":false,"footnotes":""},"categories":[1],"tags":[],"class_list":["post-12921","post","type-post","status-publish","format-standard","has-post-thumbnail","hentry","category-destaque"],"jetpack_sharing_enabled":true,"jetpack_featured_media_url":"","_links":{"self":[{"href":"https:\/\/www.oparanews.com.br\/index.php\/wp-json\/wp\/v2\/posts\/12921","targetHints":{"allow":["GET"]}}],"collection":[{"href":"https:\/\/www.oparanews.com.br\/index.php\/wp-json\/wp\/v2\/posts"}],"about":[{"href":"https:\/\/www.oparanews.com.br\/index.php\/wp-json\/wp\/v2\/types\/post"}],"author":[{"embeddable":true,"href":"https:\/\/www.oparanews.com.br\/index.php\/wp-json\/wp\/v2\/users\/1"}],"replies":[{"embeddable":true,"href":"https:\/\/www.oparanews.com.br\/index.php\/wp-json\/wp\/v2\/comments?post=12921"}],"version-history":[{"count":0,"href":"https:\/\/www.oparanews.com.br\/index.php\/wp-json\/wp\/v2\/posts\/12921\/revisions"}],"wp:attachment":[{"href":"https:\/\/www.oparanews.com.br\/index.php\/wp-json\/wp\/v2\/media?parent=12921"}],"wp:term":[{"taxonomy":"category","embeddable":true,"href":"https:\/\/www.oparanews.com.br\/index.php\/wp-json\/wp\/v2\/categories?post=12921"},{"taxonomy":"post_tag","embeddable":true,"href":"https:\/\/www.oparanews.com.br\/index.php\/wp-json\/wp\/v2\/tags?post=12921"}],"curies":[{"name":"wp","href":"https:\/\/api.w.org\/{rel}","templated":true}]}}