{"id":12924,"date":"2021-02-13T20:18:45","date_gmt":"2021-02-13T20:18:45","guid":{"rendered":"https:\/\/oparanews.com.br\/?p=12924"},"modified":"2021-02-13T20:18:45","modified_gmt":"2021-02-13T20:18:45","slug":"oxford-anuncia-testes-da-vacina-em-criancas-e-adolescentes","status":"publish","type":"post","link":"https:\/\/www.oparanews.com.br\/index.php\/2021\/02\/13\/oxford-anuncia-testes-da-vacina-em-criancas-e-adolescentes\/","title":{"rendered":"Oxford anuncia testes da vacina em crian\u00e7as e adolescentes"},"content":{"rendered":"<p>A Universidade de Oxford anunciou neste s\u00e1bado, 13, que come\u00e7ar\u00e1 a testar a vacina contra a covid-19 produzida em parceria com a farmac\u00eautica AstraZeneca em crian\u00e7as e adolescentes. O estudo deve determinar os efeitos da vacina em pessoas pertencentes \u00e0 faixa et\u00e1ria de 6 a 17 anos. As pesquisas anteriores, que permitiram a aplica\u00e7\u00e3o do imunizante em diversos pa\u00edses, incluindo o Brasil, envolveram participantes acima de 18 anos e, por esse motivo, a vacina ainda n\u00e3o \u00e9 aplicada em pessoas mais jovens.<\/p>\n<p>O estudo randomizado, de fase 2, deve ter in\u00edcio ainda em fevereiro e envolver\u00e1 300 volunt\u00e1rios. Entre eles, 240 devem receber a vacina contra a covid-19 e os outros 60 um imunizante contra a meningite, que &#8211; de acordo com a universidade &#8211; j\u00e1 se mostrou seguro em crian\u00e7as e deve produzir efeitos colaterais similares, como dor no local da aplica\u00e7\u00e3o. Ap\u00f3s a conclus\u00e3o desta fase, os pesquisadores devem incluir mais volunt\u00e1rios para determinar a efic\u00e1cia do imunizante nesta faixa et\u00e1ria.<\/p>\n<p>&#8220;Embora a maioria das crian\u00e7as n\u00e3o seja relativamente afetada pelo coronav\u00edrus e seja improv\u00e1vel que adoe\u00e7am com a infec\u00e7\u00e3o, \u00e9 importante estabelecer a seguran\u00e7a e a resposta imune para a vacina em crian\u00e7as e jovens&#8221;, disse Andrew Pollard, professor de infec\u00e7\u00e3o e imunidade pedi\u00e1trica e pesquisador-chefe dos estudos da vacina de Oxford.<\/p>\n<p>Para Rinn Song, pediatra e cientista da universidade, &#8220;a pandemia da covid-19 teve impacto negativo profundo na educa\u00e7\u00e3o, desenvolvimento social e bem-estar emocional de crian\u00e7as e adolescentes, al\u00e9m de registros raros de casos graves da doen\u00e7a. Portanto, \u00e9 importante coletar dados de seguran\u00e7a e resposta imunol\u00f3gica nessas faixas et\u00e1rias, para que possam potencialmente se beneficiar da inclus\u00e3o em programas de vacina\u00e7\u00e3o em um futuro pr\u00f3ximo&#8221;.<\/p>\n<p>&nbsp;<\/p>\n<p><strong>Com informa\u00e7\u00f5es da Reuters<\/strong><\/p>\n<p>&nbsp;<\/p>\n","protected":false},"excerpt":{"rendered":"<p>A Universidade de Oxford anunciou neste s\u00e1bado, 13, que come\u00e7ar\u00e1 a testar a vacina contra a covid-19 produzida em parceria com a farmac\u00eautica AstraZeneca em crian\u00e7as e adolescentes. O estudo deve determinar os efeitos da vacina em pessoas pertencentes \u00e0 faixa et\u00e1ria de 6 a 17 anos. As pesquisas anteriores, que permitiram a aplica\u00e7\u00e3o do &hellip;<\/p>\n","protected":false},"author":1,"featured_media":12925,"comment_status":"closed","ping_status":"closed","sticky":false,"template":"","format":"standard","meta":{"_jetpack_newsletter_access":"","_jetpack_dont_email_post_to_subs":false,"_jetpack_newsletter_tier_id":0,"_jetpack_memberships_contains_paywalled_content":false,"_jetpack_memberships_contains_paid_content":false,"footnotes":""},"categories":[1],"tags":[],"class_list":["post-12924","post","type-post","status-publish","format-standard","has-post-thumbnail","hentry","category-destaque"],"jetpack_sharing_enabled":true,"jetpack_featured_media_url":"","_links":{"self":[{"href":"https:\/\/www.oparanews.com.br\/index.php\/wp-json\/wp\/v2\/posts\/12924","targetHints":{"allow":["GET"]}}],"collection":[{"href":"https:\/\/www.oparanews.com.br\/index.php\/wp-json\/wp\/v2\/posts"}],"about":[{"href":"https:\/\/www.oparanews.com.br\/index.php\/wp-json\/wp\/v2\/types\/post"}],"author":[{"embeddable":true,"href":"https:\/\/www.oparanews.com.br\/index.php\/wp-json\/wp\/v2\/users\/1"}],"replies":[{"embeddable":true,"href":"https:\/\/www.oparanews.com.br\/index.php\/wp-json\/wp\/v2\/comments?post=12924"}],"version-history":[{"count":0,"href":"https:\/\/www.oparanews.com.br\/index.php\/wp-json\/wp\/v2\/posts\/12924\/revisions"}],"wp:attachment":[{"href":"https:\/\/www.oparanews.com.br\/index.php\/wp-json\/wp\/v2\/media?parent=12924"}],"wp:term":[{"taxonomy":"category","embeddable":true,"href":"https:\/\/www.oparanews.com.br\/index.php\/wp-json\/wp\/v2\/categories?post=12924"},{"taxonomy":"post_tag","embeddable":true,"href":"https:\/\/www.oparanews.com.br\/index.php\/wp-json\/wp\/v2\/tags?post=12924"}],"curies":[{"name":"wp","href":"https:\/\/api.w.org\/{rel}","templated":true}]}}