{"id":12933,"date":"2021-02-13T20:29:42","date_gmt":"2021-02-13T20:29:42","guid":{"rendered":"https:\/\/oparanews.com.br\/?p=12933"},"modified":"2021-02-13T20:29:42","modified_gmt":"2021-02-13T20:29:42","slug":"apresentador-cesar-filho-e-internado-por-complicacoes-da-covid-19","status":"publish","type":"post","link":"https:\/\/www.oparanews.com.br\/index.php\/2021\/02\/13\/apresentador-cesar-filho-e-internado-por-complicacoes-da-covid-19\/","title":{"rendered":"C\u00e9sar Filho \u00e9 internado por complica\u00e7\u00f5es da Covid-19"},"content":{"rendered":"<p>O apresentador C\u00e9sar Filho, 60, teve uma piora em seu quadro de sa\u00fade devido \u00e0 Covid-19, diagnosticada em 2 de fevereiro, e teve de ser internado no Hospital Vila Nova Star, em S\u00e3o Paulo. Ele mesmo contou sobre isso pelas redes sociais.<\/p>\n<p>&#8220;Desde a noite de ontem [quinta, 11], em virtude de altera\u00e7\u00e3o nos exames de sangue, estou internado para continuar meu tratamento contra a Covid-19. O Dr. Roberto Zeballos, que est\u00e1 cuidando de mim, achou melhor me trazer para o Hospital Vila Nova, onde estou sendo muito bem cuidado&#8221;, come\u00e7ou ele.<\/p>\n<p>&#8220;Aqui recebo um acompanhamento integral para que possamos ter melhores resultados. Elaine, que tamb\u00e9m testou positivo para a doen\u00e7a, est\u00e1 bem, continua o tempo todo ao meu lado. Tenho certeza que estou no caminho da cura&#8221;, escreveu o apresentador da Record.<\/p>\n<p>Pelos Stories do Instagram, Elaine falou mais sobre o estado de sa\u00fade do marido. &#8220;O C\u00e9sar tamb\u00e9m deu uma boa piorada, ele estava bem no final de semana e eu que n\u00e3o estava. Na segunda, ele acordou com tosse que, obviamente, gera um desconforto muito grande para voc\u00ea respirar e puxar o ar&#8221;, explicou.<\/p>\n<p>Luigi e Luma, os dois filhos do casal, n\u00e3o apresentaram nenhum sintoma de Covid.<\/p>\n<p>&nbsp;<\/p>\n<p><strong>Fonte: Folhapress<\/strong><\/p>\n<p>&nbsp;<\/p>\n","protected":false},"excerpt":{"rendered":"<p>O apresentador C\u00e9sar Filho, 60, teve uma piora em seu quadro de sa\u00fade devido \u00e0 Covid-19, diagnosticada em 2 de fevereiro, e teve de ser internado no Hospital Vila Nova Star, em S\u00e3o Paulo. Ele mesmo contou sobre isso pelas redes sociais. &#8220;Desde a noite de ontem [quinta, 11], em virtude de altera\u00e7\u00e3o nos exames &hellip;<\/p>\n","protected":false},"author":1,"featured_media":12934,"comment_status":"closed","ping_status":"closed","sticky":false,"template":"","format":"standard","meta":{"_jetpack_newsletter_access":"","_jetpack_dont_email_post_to_subs":false,"_jetpack_newsletter_tier_id":0,"_jetpack_memberships_contains_paywalled_content":false,"_jetpack_memberships_contains_paid_content":false,"footnotes":""},"categories":[1],"tags":[],"class_list":["post-12933","post","type-post","status-publish","format-standard","has-post-thumbnail","hentry","category-destaque"],"jetpack_sharing_enabled":true,"jetpack_featured_media_url":"","_links":{"self":[{"href":"https:\/\/www.oparanews.com.br\/index.php\/wp-json\/wp\/v2\/posts\/12933","targetHints":{"allow":["GET"]}}],"collection":[{"href":"https:\/\/www.oparanews.com.br\/index.php\/wp-json\/wp\/v2\/posts"}],"about":[{"href":"https:\/\/www.oparanews.com.br\/index.php\/wp-json\/wp\/v2\/types\/post"}],"author":[{"embeddable":true,"href":"https:\/\/www.oparanews.com.br\/index.php\/wp-json\/wp\/v2\/users\/1"}],"replies":[{"embeddable":true,"href":"https:\/\/www.oparanews.com.br\/index.php\/wp-json\/wp\/v2\/comments?post=12933"}],"version-history":[{"count":0,"href":"https:\/\/www.oparanews.com.br\/index.php\/wp-json\/wp\/v2\/posts\/12933\/revisions"}],"wp:attachment":[{"href":"https:\/\/www.oparanews.com.br\/index.php\/wp-json\/wp\/v2\/media?parent=12933"}],"wp:term":[{"taxonomy":"category","embeddable":true,"href":"https:\/\/www.oparanews.com.br\/index.php\/wp-json\/wp\/v2\/categories?post=12933"},{"taxonomy":"post_tag","embeddable":true,"href":"https:\/\/www.oparanews.com.br\/index.php\/wp-json\/wp\/v2\/tags?post=12933"}],"curies":[{"name":"wp","href":"https:\/\/api.w.org\/{rel}","templated":true}]}}