{"id":12937,"date":"2021-02-13T20:42:54","date_gmt":"2021-02-13T20:42:54","guid":{"rendered":"https:\/\/oparanews.com.br\/?p=12937"},"modified":"2021-02-13T20:42:54","modified_gmt":"2021-02-13T20:42:54","slug":"alagoas-ja-vacinou-76-743-pessoas-contra-a-covid-19","status":"publish","type":"post","link":"https:\/\/www.oparanews.com.br\/index.php\/2021\/02\/13\/alagoas-ja-vacinou-76-743-pessoas-contra-a-covid-19\/","title":{"rendered":"Alagoas j\u00e1 vacinou 76.743 pessoas contra a Covid-19"},"content":{"rendered":"<p>Atualiza\u00e7\u00e3o dessa sexta-feira (12), da Secretaria de Estado da Sa\u00fade (Sesau), por meio do Programa Nacional de Imuniza\u00e7\u00e3o em Alagoas (PNI-AL), com apoio t\u00e9cnico do Conselho Municipal de Secretarias de Sa\u00fade de Alagoas (Cosems\/AL), mostra que 76.743 alagoanos j\u00e1 receberam a primeira dose da vacina contra a Covid-19. Em rela\u00e7\u00e3o aos munic\u00edpios alagoanos, segundo o Cosems, a vacina\u00e7\u00e3o ocorre em 102 munic\u00edpios existentes no Estado.<\/p>\n<p>A Secretaria de Estado da Sa\u00fade deu in\u00edcio, na quarta-feira (10), a vacina\u00e7\u00e3o da segunda dose aos trabalhadores da Rede Hospitalar ligada \u00e0 Sesau. Dados do PNI-AL mostram que 2.822 profissionais de sa\u00fade j\u00e1 foram imunizados.<\/p>\n<p>A Sesau informa, ainda, que durante o feriado de Carnaval, a vacina\u00e7\u00e3o contra a Covid-19 e o servi\u00e7o Al\u00f4 Vacina estar\u00e3o suspensos e ser\u00e3o retomados na pr\u00f3xima quinta-feira (18).<\/p>\n<p>&nbsp;<\/p>\n<p><strong>Fonte: Ascom Sesau<\/strong><\/p>\n<p>&nbsp;<\/p>\n","protected":false},"excerpt":{"rendered":"<p>Atualiza\u00e7\u00e3o dessa sexta-feira (12), da Secretaria de Estado da Sa\u00fade (Sesau), por meio do Programa Nacional de Imuniza\u00e7\u00e3o em Alagoas (PNI-AL), com apoio t\u00e9cnico do Conselho Municipal de Secretarias de Sa\u00fade de Alagoas (Cosems\/AL), mostra que 76.743 alagoanos j\u00e1 receberam a primeira dose da vacina contra a Covid-19. Em rela\u00e7\u00e3o aos munic\u00edpios alagoanos, segundo o &hellip;<\/p>\n","protected":false},"author":1,"featured_media":12938,"comment_status":"closed","ping_status":"closed","sticky":false,"template":"","format":"standard","meta":{"_jetpack_newsletter_access":"","_jetpack_dont_email_post_to_subs":false,"_jetpack_newsletter_tier_id":0,"_jetpack_memberships_contains_paywalled_content":false,"_jetpack_memberships_contains_paid_content":false,"footnotes":""},"categories":[1],"tags":[],"class_list":["post-12937","post","type-post","status-publish","format-standard","has-post-thumbnail","hentry","category-destaque"],"jetpack_sharing_enabled":true,"jetpack_featured_media_url":"","_links":{"self":[{"href":"https:\/\/www.oparanews.com.br\/index.php\/wp-json\/wp\/v2\/posts\/12937","targetHints":{"allow":["GET"]}}],"collection":[{"href":"https:\/\/www.oparanews.com.br\/index.php\/wp-json\/wp\/v2\/posts"}],"about":[{"href":"https:\/\/www.oparanews.com.br\/index.php\/wp-json\/wp\/v2\/types\/post"}],"author":[{"embeddable":true,"href":"https:\/\/www.oparanews.com.br\/index.php\/wp-json\/wp\/v2\/users\/1"}],"replies":[{"embeddable":true,"href":"https:\/\/www.oparanews.com.br\/index.php\/wp-json\/wp\/v2\/comments?post=12937"}],"version-history":[{"count":0,"href":"https:\/\/www.oparanews.com.br\/index.php\/wp-json\/wp\/v2\/posts\/12937\/revisions"}],"wp:attachment":[{"href":"https:\/\/www.oparanews.com.br\/index.php\/wp-json\/wp\/v2\/media?parent=12937"}],"wp:term":[{"taxonomy":"category","embeddable":true,"href":"https:\/\/www.oparanews.com.br\/index.php\/wp-json\/wp\/v2\/categories?post=12937"},{"taxonomy":"post_tag","embeddable":true,"href":"https:\/\/www.oparanews.com.br\/index.php\/wp-json\/wp\/v2\/tags?post=12937"}],"curies":[{"name":"wp","href":"https:\/\/api.w.org\/{rel}","templated":true}]}}