{"id":12940,"date":"2021-02-13T20:45:22","date_gmt":"2021-02-13T20:45:22","guid":{"rendered":"https:\/\/oparanews.com.br\/?p=12940"},"modified":"2021-02-13T20:45:22","modified_gmt":"2021-02-13T20:45:22","slug":"arbitra-assistente-brigida-cirilo-recebe-escudo-fifa","status":"publish","type":"post","link":"https:\/\/www.oparanews.com.br\/index.php\/2021\/02\/13\/arbitra-assistente-brigida-cirilo-recebe-escudo-fifa\/","title":{"rendered":"\u00c1rbitra assistente Br\u00edgida Cirilo recebe escudo FIFA"},"content":{"rendered":"<p>Um dos principais nomes da arbitragem alagoana na atualidade, a assistente Br\u00edgida Cirilo Ferreira recebeu o t\u00e3o esperado escudo FIFA\/AL, na tarde dessa quinta-feira (11). A ins\u00edgnia foi entregue pelo presidente da Federa\u00e7\u00e3o Alagoana de Futebol, Felipe Feij\u00f3. A estreia da alagoana com o escudo internacional j\u00e1 acontece neste domingo (14) na grande final da Copa Alagoas 2021, entre ASA x Coruripe, no Est\u00e1dio municipal Coaracy da Mata Fonseca, em Arapiraca, \u00e0s 16h.<\/p>\n<p>Na decis\u00e3o, Br\u00edgida ser\u00e1 assistente do \u00e1rbitro Jos\u00e9 Ricardo Laranjeira (CBF\/AL). O assistente n\u00famero dois ser\u00e1 Ruan Luiz de Barros (CBF\/AL). Com o escudo FIFA, a assistente alagoana atinge o n\u00edvel mais alto na arbitragem. &#8220;Essa n\u00e3o \u00e9 uma conquista individual. Tive grande apoio da minha psic\u00f3loga Maria Daniela e do preparador f\u00edsico Luigi Alpino, que foram essenciais no meu rendimento. Al\u00e9m do apoio da minha fam\u00edlia, da Comiss\u00e3o de Arbitragem e da Federa\u00e7\u00e3o, que n\u00e3o medem esfor\u00e7os para investir na arbitragem alagoana&#8221;, disse Br\u00edgida.<\/p>\n<p>Ela conta que a ansiedade para receber o escudo internacional era imensa. &#8220;\u00c9 o meu grande desafio na carreira. Chegar at\u00e9 o quadro da FIFA n\u00e3o \u00e9 f\u00e1cil e manter o escudo \u00e9 ainda mais dif\u00edcil porque temos que manter o alto n\u00edvel de rendimento&#8221;, destaca a assistente, que foi acompanhada na Federa\u00e7\u00e3o, pelo marido, o \u00e1rbitro assistente Wagner Jos\u00e9, os filhos e a amiga e psic\u00f3loga Maria Daniela.<\/p>\n<p>A entrega do escudo FIFA tamb\u00e9m foi acompanhada pelo presidente da Comiss\u00e3o de Arbitragem da FAF, Charles Hebert, o vice-presidente da Comiss\u00e3o, George Alves Feitosa e a secret\u00e1ria-geral de Arbitragem, Lydia Pollyana.<\/p>\n<p>&nbsp;<\/p>\n<p><strong>Fonte: FAF<\/strong><\/p>\n<p>&nbsp;<\/p>\n","protected":false},"excerpt":{"rendered":"<p>Um dos principais nomes da arbitragem alagoana na atualidade, a assistente Br\u00edgida Cirilo Ferreira recebeu o t\u00e3o esperado escudo FIFA\/AL, na tarde dessa quinta-feira (11). A ins\u00edgnia foi entregue pelo presidente da Federa\u00e7\u00e3o Alagoana de Futebol, Felipe Feij\u00f3. A estreia da alagoana com o escudo internacional j\u00e1 acontece neste domingo (14) na grande final da &hellip;<\/p>\n","protected":false},"author":1,"featured_media":12941,"comment_status":"closed","ping_status":"closed","sticky":false,"template":"","format":"standard","meta":{"_jetpack_newsletter_access":"","_jetpack_dont_email_post_to_subs":false,"_jetpack_newsletter_tier_id":0,"_jetpack_memberships_contains_paywalled_content":false,"_jetpack_memberships_contains_paid_content":false,"footnotes":""},"categories":[1],"tags":[],"class_list":["post-12940","post","type-post","status-publish","format-standard","has-post-thumbnail","hentry","category-destaque"],"jetpack_sharing_enabled":true,"jetpack_featured_media_url":"","_links":{"self":[{"href":"https:\/\/www.oparanews.com.br\/index.php\/wp-json\/wp\/v2\/posts\/12940","targetHints":{"allow":["GET"]}}],"collection":[{"href":"https:\/\/www.oparanews.com.br\/index.php\/wp-json\/wp\/v2\/posts"}],"about":[{"href":"https:\/\/www.oparanews.com.br\/index.php\/wp-json\/wp\/v2\/types\/post"}],"author":[{"embeddable":true,"href":"https:\/\/www.oparanews.com.br\/index.php\/wp-json\/wp\/v2\/users\/1"}],"replies":[{"embeddable":true,"href":"https:\/\/www.oparanews.com.br\/index.php\/wp-json\/wp\/v2\/comments?post=12940"}],"version-history":[{"count":0,"href":"https:\/\/www.oparanews.com.br\/index.php\/wp-json\/wp\/v2\/posts\/12940\/revisions"}],"wp:attachment":[{"href":"https:\/\/www.oparanews.com.br\/index.php\/wp-json\/wp\/v2\/media?parent=12940"}],"wp:term":[{"taxonomy":"category","embeddable":true,"href":"https:\/\/www.oparanews.com.br\/index.php\/wp-json\/wp\/v2\/categories?post=12940"},{"taxonomy":"post_tag","embeddable":true,"href":"https:\/\/www.oparanews.com.br\/index.php\/wp-json\/wp\/v2\/tags?post=12940"}],"curies":[{"name":"wp","href":"https:\/\/api.w.org\/{rel}","templated":true}]}}