{"id":12943,"date":"2021-02-14T21:33:12","date_gmt":"2021-02-14T21:33:12","guid":{"rendered":"https:\/\/oparanews.com.br\/?p=12943"},"modified":"2021-02-14T21:33:12","modified_gmt":"2021-02-14T21:33:12","slug":"alagoas-confirma-670-novos-casos-e-mais-nove-mortes-por-covid-19","status":"publish","type":"post","link":"https:\/\/www.oparanews.com.br\/index.php\/2021\/02\/14\/alagoas-confirma-670-novos-casos-e-mais-nove-mortes-por-covid-19\/","title":{"rendered":"Alagoas confirma 670 novos casos e mais nove mortes por Covid-19"},"content":{"rendered":"<p>Alagoas confirmou 670 novos casos e mais nove mortes por Covid-19. Com isso, o estado tem um total de 124.295 casos confirmados do novo coronav\u00edrus e 2.865 \u00f3bitos por Covid-19 at\u00e9 o momento. Os dados s\u00e3o do boletim epidemiol\u00f3gico da Secretaria de Estado da Sa\u00fade (Sesau) deste domingo (14).<\/p>\n<p>Do total de casos confirmados, 2.326 est\u00e3o em isolamento domiciliar. Outros 118.675 pacientes j\u00e1 finalizaram o per\u00edodo de isolamento, n\u00e3o apresentam mais sintomas e, portanto, est\u00e3o recuperados da doen\u00e7a. Alagoas tem ainda 8.438 casos em investiga\u00e7\u00e3o laboratorial.<\/p>\n<p>Dos 800 leitos criados pela Sesau para atender, exclusivamente, pacientes com suspeita e confirma\u00e7\u00e3o de infec\u00e7\u00e3o pelo novo coronav\u00edrus, 382 estavam ocupados at\u00e9 \u00e0s 17h do s\u00e1bado (13), o que corresponde a 48% do total. A taxa de ocupa\u00e7\u00e3o dos leitos de UTI era de 60%.<\/p>\n<p><strong>Mais 9 mortes nas \u00faltimas 24h<\/strong><\/p>\n<p>Macei\u00f3: Homem, 52 anos &#8211; doen\u00e7a neurol\u00f3gica, desnutri\u00e7\u00e3o proteica<br \/>\nMacei\u00f3: Homem, 63 anos &#8211; sem comorbidades<br \/>\nMacei\u00f3: Mulher, 68 anos &#8211; obesa<br \/>\nCampo Alegre: Homem, 81 anos &#8211; sem comorbidades<br \/>\nSantana do Ipanema: Homem, 88 anos &#8211; sem comorbidades<br \/>\nS\u00e3o Jos\u00e9 da Tapera: Homem, 92 anos &#8211; doen\u00e7a cardiovascular cr\u00f4nica, diabetes<br \/>\nFeira Grande: Mulher, 71 anos &#8211; hipertensa e diab\u00e9tica<br \/>\n\u00c1gua Branca: Mulher, 85 anos &#8211; diabetes, doen\u00e7a cardiovascular<br \/>\nArapiraca: Mulher, 94 anos &#8211; sem comorbidade<\/p>\n<p>&nbsp;<\/p>\n<p><strong>Fonte: G1\/AL<\/strong><\/p>\n<p>&nbsp;<\/p>\n","protected":false},"excerpt":{"rendered":"<p>Alagoas confirmou 670 novos casos e mais nove mortes por Covid-19. Com isso, o estado tem um total de 124.295 casos confirmados do novo coronav\u00edrus e 2.865 \u00f3bitos por Covid-19 at\u00e9 o momento. Os dados s\u00e3o do boletim epidemiol\u00f3gico da Secretaria de Estado da Sa\u00fade (Sesau) deste domingo (14). Do total de casos confirmados, 2.326 &hellip;<\/p>\n","protected":false},"author":1,"featured_media":5678,"comment_status":"closed","ping_status":"closed","sticky":false,"template":"","format":"standard","meta":{"_jetpack_newsletter_access":"","_jetpack_dont_email_post_to_subs":false,"_jetpack_newsletter_tier_id":0,"_jetpack_memberships_contains_paywalled_content":false,"_jetpack_memberships_contains_paid_content":false,"footnotes":""},"categories":[1],"tags":[],"class_list":["post-12943","post","type-post","status-publish","format-standard","has-post-thumbnail","hentry","category-destaque"],"jetpack_sharing_enabled":true,"jetpack_featured_media_url":"","_links":{"self":[{"href":"https:\/\/www.oparanews.com.br\/index.php\/wp-json\/wp\/v2\/posts\/12943","targetHints":{"allow":["GET"]}}],"collection":[{"href":"https:\/\/www.oparanews.com.br\/index.php\/wp-json\/wp\/v2\/posts"}],"about":[{"href":"https:\/\/www.oparanews.com.br\/index.php\/wp-json\/wp\/v2\/types\/post"}],"author":[{"embeddable":true,"href":"https:\/\/www.oparanews.com.br\/index.php\/wp-json\/wp\/v2\/users\/1"}],"replies":[{"embeddable":true,"href":"https:\/\/www.oparanews.com.br\/index.php\/wp-json\/wp\/v2\/comments?post=12943"}],"version-history":[{"count":0,"href":"https:\/\/www.oparanews.com.br\/index.php\/wp-json\/wp\/v2\/posts\/12943\/revisions"}],"wp:attachment":[{"href":"https:\/\/www.oparanews.com.br\/index.php\/wp-json\/wp\/v2\/media?parent=12943"}],"wp:term":[{"taxonomy":"category","embeddable":true,"href":"https:\/\/www.oparanews.com.br\/index.php\/wp-json\/wp\/v2\/categories?post=12943"},{"taxonomy":"post_tag","embeddable":true,"href":"https:\/\/www.oparanews.com.br\/index.php\/wp-json\/wp\/v2\/tags?post=12943"}],"curies":[{"name":"wp","href":"https:\/\/api.w.org\/{rel}","templated":true}]}}