{"id":12951,"date":"2021-02-14T21:39:59","date_gmt":"2021-02-14T21:39:59","guid":{"rendered":"https:\/\/oparanews.com.br\/?p=12951"},"modified":"2021-02-14T21:39:59","modified_gmt":"2021-02-14T21:39:59","slug":"prefeitura-de-neopolis-monta-barreira-de-prevencao-na-cidade","status":"publish","type":"post","link":"https:\/\/www.oparanews.com.br\/index.php\/2021\/02\/14\/prefeitura-de-neopolis-monta-barreira-de-prevencao-na-cidade\/","title":{"rendered":"Prefeitura de Ne\u00f3polis monta barreira de preven\u00e7\u00e3o na cidade"},"content":{"rendered":"<p>A Prefeitura Municipal de Ne\u00f3polis montou neste s\u00e1bado, 13, uma barreira sanit\u00e1ria e de orienta\u00e7\u00e3o na entrada da cidade. A barreira e as a\u00e7\u00f5es de conscientiza\u00e7\u00e3o da popula\u00e7\u00e3o e dos visitantes acontece at\u00e9 a pr\u00f3xima ter\u00e7a-feira, 16, e tem o objetivo de evitar que as pessoas se aglomerem, fa\u00e7am festa clandestinas e blocos de rua.<\/p>\n<p>Ne\u00f3polis, considerada a capital do frevo em Sergipe, tem como tradi\u00e7\u00e3o o carnaval de rua. H\u00e1 muitos anos entre o s\u00e1bado e a ter\u00e7a-feira de carnaval acontece o desfile do tradicional bloco do Z\u00e9 Pereira. V\u00e1rias orquestras de frevo e bonecos gigantes desfilam pelas ruas da cidade arrastando uma multid\u00e3o. Esse ano por conta da pandemia, todas as atividades festivas do munic\u00edpio foram canceladas e proibidas.<\/p>\n<p>De acordo com a Prefeitura de Ne\u00f3polis, todas as pessoas que chegam \u00e0 cidade passam obrigatoriamente pela barreira e recebe as orienta\u00e7\u00f5es. Policiais militares est\u00e3o presente na a\u00e7\u00e3o dando suporte ao trabalho de conscientiza\u00e7\u00e3o.<\/p>\n<p>Ainda segundo o munic\u00edpio, a barreira foi uma medida encontrada pela para realizar um trabalho educativo e de preven\u00e7\u00e3o do coronav\u00edrus, seguindo as recomenda\u00e7\u00f5es do Minist\u00e9rio P\u00fablico Estadual de Sergipe (MPE), das autoridades sanit\u00e1rias e de sa\u00fade.<\/p>\n<p>&nbsp;<\/p>\n<p><strong>por Karla Pinheiro\/Infonet<\/strong><\/p>\n<p>&nbsp;<\/p>\n","protected":false},"excerpt":{"rendered":"<p>A Prefeitura Municipal de Ne\u00f3polis montou neste s\u00e1bado, 13, uma barreira sanit\u00e1ria e de orienta\u00e7\u00e3o na entrada da cidade. A barreira e as a\u00e7\u00f5es de conscientiza\u00e7\u00e3o da popula\u00e7\u00e3o e dos visitantes acontece at\u00e9 a pr\u00f3xima ter\u00e7a-feira, 16, e tem o objetivo de evitar que as pessoas se aglomerem, fa\u00e7am festa clandestinas e blocos de rua. &hellip;<\/p>\n","protected":false},"author":1,"featured_media":12952,"comment_status":"closed","ping_status":"closed","sticky":false,"template":"","format":"standard","meta":{"_jetpack_newsletter_access":"","_jetpack_dont_email_post_to_subs":false,"_jetpack_newsletter_tier_id":0,"_jetpack_memberships_contains_paywalled_content":false,"_jetpack_memberships_contains_paid_content":false,"footnotes":""},"categories":[1],"tags":[],"class_list":["post-12951","post","type-post","status-publish","format-standard","has-post-thumbnail","hentry","category-destaque"],"jetpack_sharing_enabled":true,"jetpack_featured_media_url":"","_links":{"self":[{"href":"https:\/\/www.oparanews.com.br\/index.php\/wp-json\/wp\/v2\/posts\/12951","targetHints":{"allow":["GET"]}}],"collection":[{"href":"https:\/\/www.oparanews.com.br\/index.php\/wp-json\/wp\/v2\/posts"}],"about":[{"href":"https:\/\/www.oparanews.com.br\/index.php\/wp-json\/wp\/v2\/types\/post"}],"author":[{"embeddable":true,"href":"https:\/\/www.oparanews.com.br\/index.php\/wp-json\/wp\/v2\/users\/1"}],"replies":[{"embeddable":true,"href":"https:\/\/www.oparanews.com.br\/index.php\/wp-json\/wp\/v2\/comments?post=12951"}],"version-history":[{"count":0,"href":"https:\/\/www.oparanews.com.br\/index.php\/wp-json\/wp\/v2\/posts\/12951\/revisions"}],"wp:attachment":[{"href":"https:\/\/www.oparanews.com.br\/index.php\/wp-json\/wp\/v2\/media?parent=12951"}],"wp:term":[{"taxonomy":"category","embeddable":true,"href":"https:\/\/www.oparanews.com.br\/index.php\/wp-json\/wp\/v2\/categories?post=12951"},{"taxonomy":"post_tag","embeddable":true,"href":"https:\/\/www.oparanews.com.br\/index.php\/wp-json\/wp\/v2\/tags?post=12951"}],"curies":[{"name":"wp","href":"https:\/\/api.w.org\/{rel}","templated":true}]}}