{"id":12957,"date":"2021-02-14T21:53:12","date_gmt":"2021-02-14T21:53:12","guid":{"rendered":"https:\/\/oparanews.com.br\/?p=12957"},"modified":"2021-02-14T21:53:12","modified_gmt":"2021-02-14T21:53:12","slug":"arcebispo-de-maceio-e-internado-com-problemas-cardiacos","status":"publish","type":"post","link":"https:\/\/www.oparanews.com.br\/index.php\/2021\/02\/14\/arcebispo-de-maceio-e-internado-com-problemas-cardiacos\/","title":{"rendered":"Arcebispo de Macei\u00f3 \u00e9 internado com problemas card\u00edacos"},"content":{"rendered":"<p>O arcebispo de Macei\u00f3, Dom Ant\u00f4nio Muniz, est\u00e1 internado na Santa Casa de Miseric\u00f3rdia de Macei\u00f3, com problemas card\u00edacos ocasionados pela Diabetes. A Arquidiocese de Macei\u00f3 informou, em publica\u00e7\u00e3o na rede social, que o estado de sa\u00fade do sacerdote inspira cuidados, mas que ele permanece est\u00e1vel.<\/p>\n<p>Dom Ant\u00f4nio, 68 anos, que possui Diabetes Mellitus, sofreu complica\u00e7\u00f5es relativas a problemas circulat\u00f3rios e cardiovasculares, precisando ser internado na noite do dia 07 deste m\u00eas.<\/p>\n<p>&#8220;A Arquidiocese se une em ora\u00e7\u00f5es e roga a Nossa Senhora dos Prazeres o pleno restabelecimento da sa\u00fade de seu pastor, Dom Ant\u00f4nio Muniz Fernandes&#8221;, diz trecho da publica\u00e7\u00e3o.<\/p>\n<p><strong>BOLETIM M\u00c9DICO<\/strong><\/p>\n<p>Dom Ant\u00f4nio Muniz Fernandes deu entrada na Santa Casa de Macei\u00f3 em virtude de complica\u00e7\u00f5es sist\u00eamicas relacionadas ao Diabetes Mellitus, em grande parte decorrentes de problemas circulat\u00f3rios\/cardiovasculares.<\/p>\n<p>Ele foi submetido a uma pequena interven\u00e7\u00e3o cir\u00fargica para tratamento de uma obstru\u00e7\u00e3o vascular, tendo apresentado recupera\u00e7\u00e3o animadora desde ent\u00e3o, estando internado em apartamento, gozando de bom estado geral, l\u00facido e permanecendo hemodinamicamente est\u00e1vel.<\/p>\n<p>Neste per\u00edodo, realiza exames mais especializados e recebe toda a aten\u00e7\u00e3o multidisciplinar necess\u00e1ria a sua completa e, se Deus permitir, r\u00e1pida recupera\u00e7\u00e3o.<\/p>\n<p>&nbsp;<\/p>\n<p><strong>Fonte: G1\/AL<\/strong><\/p>\n<p>&nbsp;<\/p>\n","protected":false},"excerpt":{"rendered":"<p>O arcebispo de Macei\u00f3, Dom Ant\u00f4nio Muniz, est\u00e1 internado na Santa Casa de Miseric\u00f3rdia de Macei\u00f3, com problemas card\u00edacos ocasionados pela Diabetes. A Arquidiocese de Macei\u00f3 informou, em publica\u00e7\u00e3o na rede social, que o estado de sa\u00fade do sacerdote inspira cuidados, mas que ele permanece est\u00e1vel. Dom Ant\u00f4nio, 68 anos, que possui Diabetes Mellitus, sofreu &hellip;<\/p>\n","protected":false},"author":1,"featured_media":12958,"comment_status":"closed","ping_status":"closed","sticky":false,"template":"","format":"standard","meta":{"_jetpack_newsletter_access":"","_jetpack_dont_email_post_to_subs":false,"_jetpack_newsletter_tier_id":0,"_jetpack_memberships_contains_paywalled_content":false,"_jetpack_memberships_contains_paid_content":false,"footnotes":""},"categories":[1],"tags":[],"class_list":["post-12957","post","type-post","status-publish","format-standard","has-post-thumbnail","hentry","category-destaque"],"jetpack_sharing_enabled":true,"jetpack_featured_media_url":"","_links":{"self":[{"href":"https:\/\/www.oparanews.com.br\/index.php\/wp-json\/wp\/v2\/posts\/12957","targetHints":{"allow":["GET"]}}],"collection":[{"href":"https:\/\/www.oparanews.com.br\/index.php\/wp-json\/wp\/v2\/posts"}],"about":[{"href":"https:\/\/www.oparanews.com.br\/index.php\/wp-json\/wp\/v2\/types\/post"}],"author":[{"embeddable":true,"href":"https:\/\/www.oparanews.com.br\/index.php\/wp-json\/wp\/v2\/users\/1"}],"replies":[{"embeddable":true,"href":"https:\/\/www.oparanews.com.br\/index.php\/wp-json\/wp\/v2\/comments?post=12957"}],"version-history":[{"count":0,"href":"https:\/\/www.oparanews.com.br\/index.php\/wp-json\/wp\/v2\/posts\/12957\/revisions"}],"wp:attachment":[{"href":"https:\/\/www.oparanews.com.br\/index.php\/wp-json\/wp\/v2\/media?parent=12957"}],"wp:term":[{"taxonomy":"category","embeddable":true,"href":"https:\/\/www.oparanews.com.br\/index.php\/wp-json\/wp\/v2\/categories?post=12957"},{"taxonomy":"post_tag","embeddable":true,"href":"https:\/\/www.oparanews.com.br\/index.php\/wp-json\/wp\/v2\/tags?post=12957"}],"curies":[{"name":"wp","href":"https:\/\/api.w.org\/{rel}","templated":true}]}}