{"id":12963,"date":"2021-02-15T19:13:55","date_gmt":"2021-02-15T19:13:55","guid":{"rendered":"https:\/\/oparanews.com.br\/?p=12963"},"modified":"2021-02-15T19:13:55","modified_gmt":"2021-02-15T19:13:55","slug":"jovem-que-estava-desaparecido-ha-15-dias-e-encontrado-enterrado-em-sitio","status":"publish","type":"post","link":"https:\/\/www.oparanews.com.br\/index.php\/2021\/02\/15\/jovem-que-estava-desaparecido-ha-15-dias-e-encontrado-enterrado-em-sitio\/","title":{"rendered":"Jovem que estava desaparecido h\u00e1 15 dias \u00e9 encontrado enterrado em s\u00edtio"},"content":{"rendered":"<p>O jovem Raul Pablo, que estava desaparecido desde o \u00faltimo dia 31, foi encontrado morto nesse domingo, 14, em Ch\u00e3 do Pilar, no munic\u00edpio de Pilar, na Grande Macei\u00f3. Uma pessoa foi presa no mesmo bairro, sob a suspeita de participa\u00e7\u00e3o na morte dele.<\/p>\n<p>Segundo a pol\u00edcia, o suspeito foi localizado ap\u00f3s o trabalho de investiga\u00e7\u00e3o. O homem confessou que o corpo de Raul Pablo foi enterrado em uma cova improvisada num s\u00edtio e indicou o endere\u00e7o aos agentes. Ele tamb\u00e9m contou que mais duas pessoas participaram do crime.<\/p>\n<p>&#8220;N\u00f3s estamos trabalhando para tentar localizar esses comparsas. Hoje, o que foi preso em flagrante est\u00e1 \u00e0 disposi\u00e7\u00e3o do Poder Judici\u00e1rio e tamb\u00e9m est\u00e1 sendo autuado por oculta\u00e7\u00e3o de cad\u00e1ver. Mas, o trabalho de investiga\u00e7\u00e3o est\u00e1 sendo realizado, e certamente ele ser\u00e1 indiciado pelo homic\u00eddio cometido&#8221;, disse o delegado Gustavo Xavier.<\/p>\n<p>Ainda de acordo com Xavier, os depoimentos de testemunhas contribu\u00edram para esclarecer o homic\u00eddio. &#8220;Com base em diversos depoimentos prestados por testemunhas oculares do fato, n\u00f3s descobrimos que a v\u00edtima foi agredida covardemente, com golpes com peda\u00e7o de madeira, assim como tijoladas&#8221;, destacou.<\/p>\n<p>&#8220;Ap\u00f3s as agress\u00f5es, o jovem ficou desacordado e os tr\u00eas criminosos arrastaram ele para o matagal, deixando ele l\u00e1 at\u00e9 o dia seguinte, momento que ele foi arremessado por cima do muro e enterrado no buraco&#8221;, completou o delegado.<\/p>\n<p>Uma equipe do Instituto M\u00e9dico Legal (IML) foi acionada para o recolhimento do cad\u00e1ver de Raul Pablo.<\/p>\n<p>&nbsp;<\/p>\n<p><strong>Fonte: TNH1<\/strong><\/p>\n<p>&nbsp;<\/p>\n","protected":false},"excerpt":{"rendered":"<p>O jovem Raul Pablo, que estava desaparecido desde o \u00faltimo dia 31, foi encontrado morto nesse domingo, 14, em Ch\u00e3 do Pilar, no munic\u00edpio de Pilar, na Grande Macei\u00f3. Uma pessoa foi presa no mesmo bairro, sob a suspeita de participa\u00e7\u00e3o na morte dele. Segundo a pol\u00edcia, o suspeito foi localizado ap\u00f3s o trabalho de &hellip;<\/p>\n","protected":false},"author":1,"featured_media":12964,"comment_status":"closed","ping_status":"closed","sticky":false,"template":"","format":"standard","meta":{"_jetpack_newsletter_access":"","_jetpack_dont_email_post_to_subs":false,"_jetpack_newsletter_tier_id":0,"_jetpack_memberships_contains_paywalled_content":false,"_jetpack_memberships_contains_paid_content":false,"footnotes":""},"categories":[1],"tags":[],"class_list":["post-12963","post","type-post","status-publish","format-standard","has-post-thumbnail","hentry","category-destaque"],"jetpack_sharing_enabled":true,"jetpack_featured_media_url":"","_links":{"self":[{"href":"https:\/\/www.oparanews.com.br\/index.php\/wp-json\/wp\/v2\/posts\/12963","targetHints":{"allow":["GET"]}}],"collection":[{"href":"https:\/\/www.oparanews.com.br\/index.php\/wp-json\/wp\/v2\/posts"}],"about":[{"href":"https:\/\/www.oparanews.com.br\/index.php\/wp-json\/wp\/v2\/types\/post"}],"author":[{"embeddable":true,"href":"https:\/\/www.oparanews.com.br\/index.php\/wp-json\/wp\/v2\/users\/1"}],"replies":[{"embeddable":true,"href":"https:\/\/www.oparanews.com.br\/index.php\/wp-json\/wp\/v2\/comments?post=12963"}],"version-history":[{"count":0,"href":"https:\/\/www.oparanews.com.br\/index.php\/wp-json\/wp\/v2\/posts\/12963\/revisions"}],"wp:attachment":[{"href":"https:\/\/www.oparanews.com.br\/index.php\/wp-json\/wp\/v2\/media?parent=12963"}],"wp:term":[{"taxonomy":"category","embeddable":true,"href":"https:\/\/www.oparanews.com.br\/index.php\/wp-json\/wp\/v2\/categories?post=12963"},{"taxonomy":"post_tag","embeddable":true,"href":"https:\/\/www.oparanews.com.br\/index.php\/wp-json\/wp\/v2\/tags?post=12963"}],"curies":[{"name":"wp","href":"https:\/\/api.w.org\/{rel}","templated":true}]}}