{"id":12969,"date":"2021-02-15T19:19:43","date_gmt":"2021-02-15T19:19:43","guid":{"rendered":"https:\/\/oparanews.com.br\/?p=12969"},"modified":"2021-02-15T19:19:43","modified_gmt":"2021-02-15T19:19:43","slug":"oms-aprova-vacina-de-oxford-e-destrava-envio-para-o-brasil","status":"publish","type":"post","link":"https:\/\/www.oparanews.com.br\/index.php\/2021\/02\/15\/oms-aprova-vacina-de-oxford-e-destrava-envio-para-o-brasil\/","title":{"rendered":"OMS aprova vacina de Oxford e destrava envio para o Brasil"},"content":{"rendered":"<p>A OMS (Organiza\u00e7\u00e3o Mundial da Sa\u00fade) incluiu nesta segunda-feira (15) em sua lista de uso emergencial (EUL) a vacina desenvolvida pela Universidade de Oxford e pela AstraZeneca. A decis\u00e3o permite que elas sejam distribu\u00eddas pela Covax, cons\u00f3rcio internacional que enviar\u00e1 vacinas para mais de 100 pa\u00edses no mundo, inclusive o Brasil.<\/p>\n<p>A expectativa \u00e9 que 1,6 milh\u00e3o de doses do imunizante cheguem ao Brasil neste trimestre e 6 milh\u00f5es no segundo trimestre. Dos 10.672.800 de doses alocadas para o pa\u00eds no primeiro semestre, cerca de 3 milh\u00f5es ser\u00e3o adiadas para o segundo semestre, de acordo com documento publicado no come\u00e7o do m\u00eas. O acordo do Brasil na Covax prev\u00ea 42,5 milh\u00f5es de doses at\u00e9 o fim de 2021.<\/p>\n<p>O departamento respons\u00e1vel pela avalia\u00e7\u00e3o e regula\u00e7\u00e3o das vacinas aprovou tanto a vers\u00e3o produzida pela AstraZeneca-SKBio na Coreia (que vir\u00e1 para o Brasil) quanto a produzida pelo Instituto Serum, na \u00cdndia.<\/p>\n<p>Al\u00e9m de destravar a distribui\u00e7\u00e3o pela Covax de 336 milh\u00f5es de doses da AstraZeneca para 145 pa\u00edses, a inclus\u00e3o do produto na EUL tamb\u00e9m beneficia pa\u00edses menos desenvolvidos, que n\u00e3o tem uma ag\u00eancia regulat\u00f3ria estruturada e podem tomar sua decis\u00e3o com base no parecer da entidade. A Covax tamb\u00e9m deve entregar 1,2 milh\u00e3o de doses da Pfizer\/BioNTech (inclu\u00edda na EUL em dezembro) neste semestre.<\/p>\n<p>&#8220;Pa\u00edses sem acesso a vacinas at\u00e9 o momento finalmente poder\u00e3o imunizar seus profissionais de sa\u00fade e popula\u00e7\u00f5es em risco&#8221;, disse a brasileira Mari\u00e2ngela Sim\u00e3o, subdiretora-geral da OMS para Acesso a Medicamentos. O \u00f3rg\u00e3o avaliou dados de qualidade, seguran\u00e7a e efic\u00e1cia da vacina de Oxford e planos de gest\u00e3o de risco e adequa\u00e7\u00e3o das cadeias de refrigera\u00e7\u00e3o.<\/p>\n<p>Na semana passada, o \u00f3rg\u00e3o consultivo que orienta a OMS (Sage) recomendou o uso do imunizante em todas as faixas et\u00e1rias a partir dos 18 anos de idade.<\/p>\n<p>&nbsp;<\/p>\n<p><strong>Fonte: Folhapress<\/strong><\/p>\n<p>&nbsp;<\/p>\n","protected":false},"excerpt":{"rendered":"<p>A OMS (Organiza\u00e7\u00e3o Mundial da Sa\u00fade) incluiu nesta segunda-feira (15) em sua lista de uso emergencial (EUL) a vacina desenvolvida pela Universidade de Oxford e pela AstraZeneca. A decis\u00e3o permite que elas sejam distribu\u00eddas pela Covax, cons\u00f3rcio internacional que enviar\u00e1 vacinas para mais de 100 pa\u00edses no mundo, inclusive o Brasil. A expectativa \u00e9 que &hellip;<\/p>\n","protected":false},"author":1,"featured_media":12970,"comment_status":"closed","ping_status":"closed","sticky":false,"template":"","format":"standard","meta":{"_jetpack_newsletter_access":"","_jetpack_dont_email_post_to_subs":false,"_jetpack_newsletter_tier_id":0,"_jetpack_memberships_contains_paywalled_content":false,"_jetpack_memberships_contains_paid_content":false,"footnotes":""},"categories":[1],"tags":[],"class_list":["post-12969","post","type-post","status-publish","format-standard","has-post-thumbnail","hentry","category-destaque"],"jetpack_sharing_enabled":true,"jetpack_featured_media_url":"","_links":{"self":[{"href":"https:\/\/www.oparanews.com.br\/index.php\/wp-json\/wp\/v2\/posts\/12969","targetHints":{"allow":["GET"]}}],"collection":[{"href":"https:\/\/www.oparanews.com.br\/index.php\/wp-json\/wp\/v2\/posts"}],"about":[{"href":"https:\/\/www.oparanews.com.br\/index.php\/wp-json\/wp\/v2\/types\/post"}],"author":[{"embeddable":true,"href":"https:\/\/www.oparanews.com.br\/index.php\/wp-json\/wp\/v2\/users\/1"}],"replies":[{"embeddable":true,"href":"https:\/\/www.oparanews.com.br\/index.php\/wp-json\/wp\/v2\/comments?post=12969"}],"version-history":[{"count":0,"href":"https:\/\/www.oparanews.com.br\/index.php\/wp-json\/wp\/v2\/posts\/12969\/revisions"}],"wp:attachment":[{"href":"https:\/\/www.oparanews.com.br\/index.php\/wp-json\/wp\/v2\/media?parent=12969"}],"wp:term":[{"taxonomy":"category","embeddable":true,"href":"https:\/\/www.oparanews.com.br\/index.php\/wp-json\/wp\/v2\/categories?post=12969"},{"taxonomy":"post_tag","embeddable":true,"href":"https:\/\/www.oparanews.com.br\/index.php\/wp-json\/wp\/v2\/tags?post=12969"}],"curies":[{"name":"wp","href":"https:\/\/api.w.org\/{rel}","templated":true}]}}