{"id":12972,"date":"2021-02-15T19:21:53","date_gmt":"2021-02-15T19:21:53","guid":{"rendered":"https:\/\/oparanews.com.br\/?p=12972"},"modified":"2021-02-15T19:21:53","modified_gmt":"2021-02-15T19:21:53","slug":"alagoas-registra-749-casos-de-covid-19-em-24h","status":"publish","type":"post","link":"https:\/\/www.oparanews.com.br\/index.php\/2021\/02\/15\/alagoas-registra-749-casos-de-covid-19-em-24h\/","title":{"rendered":"Alagoas registra 749 casos de Covid-19 em 24h"},"content":{"rendered":"<p>Alagoas registrou 749 casos confirmados e oito mortes por Covid-19 nas \u00faltimas 24 horas, segundo o boletim epidemiol\u00f3gico divulgado pela Secretaria de Estado da Sa\u00fade (Sesau) nesta segunda-feira (15).<\/p>\n<p>O estado contabilizou 125.044 casos confirmados e 2.873 \u00f3bitos desde o in\u00edcio da pandemia.<\/p>\n<p>Macei\u00f3 registrou 347 casos e tr\u00eas \u00f3bitos nas \u00faltimas 24 horas. A capital chegou ao total de 47.610 casos confirmados e 1.292 mortes.<\/p>\n<p>Do total de casos confirmados, 119.550 pacientes se recuperaram.<\/p>\n<p>H\u00e1 7.734 casos suspeitos em todo o estado.<\/p>\n<p>Na noite desse domingo (14), a taxa de ocupa\u00e7\u00e3o de leitos exclusivos para Covid-19 estava em 48%. Dos 239 leitos de UTI, 69% estava ocupados.<\/p>\n<p><strong>Mais oito mortes por Covid-19<\/strong><\/p>\n<p>Macei\u00f3: Homem, 63 anos \u2013 imunossuprimido, havia sofrido um Acidente Vascular Encef\u00e1lico (AVE)<br \/>\nMacei\u00f3: Homem, 67 anos \u2013 hipertenso e tinha Parkinson<br \/>\nMacei\u00f3: Homem, 80 anos \u2013 diab\u00e9tico e doen\u00e7a card\u00edaca cr\u00f4nica<br \/>\nMurici: Homem, 68 anos \u2013 c\u00e2ncer de es\u00f4fago<br \/>\nS\u00e3o Miguel dos Campos: Homem, 92 anos \u2013 hipertens\u00e3o e era ex-tabagista<br \/>\nCanapi: Homem, 94 anos \u2013 imunossuprimido<br \/>\nMaragogi: Mulher, 63 anos \u2013 hipertensa<br \/>\nCampo Alegre: Mulher, 70 anos \u2013 hipertensa e insufici\u00eancia renal cr\u00f4nica<\/p>\n<p>&nbsp;<\/p>\n<p><strong>Fonte: G1\/AL<\/strong><\/p>\n<p>&nbsp;<\/p>\n","protected":false},"excerpt":{"rendered":"<p>Alagoas registrou 749 casos confirmados e oito mortes por Covid-19 nas \u00faltimas 24 horas, segundo o boletim epidemiol\u00f3gico divulgado pela Secretaria de Estado da Sa\u00fade (Sesau) nesta segunda-feira (15). O estado contabilizou 125.044 casos confirmados e 2.873 \u00f3bitos desde o in\u00edcio da pandemia. Macei\u00f3 registrou 347 casos e tr\u00eas \u00f3bitos nas \u00faltimas 24 horas. A &hellip;<\/p>\n","protected":false},"author":1,"featured_media":4870,"comment_status":"closed","ping_status":"closed","sticky":false,"template":"","format":"standard","meta":{"_jetpack_newsletter_access":"","_jetpack_dont_email_post_to_subs":false,"_jetpack_newsletter_tier_id":0,"_jetpack_memberships_contains_paywalled_content":false,"_jetpack_memberships_contains_paid_content":false,"footnotes":""},"categories":[1],"tags":[],"class_list":["post-12972","post","type-post","status-publish","format-standard","has-post-thumbnail","hentry","category-destaque"],"jetpack_sharing_enabled":true,"jetpack_featured_media_url":"","_links":{"self":[{"href":"https:\/\/www.oparanews.com.br\/index.php\/wp-json\/wp\/v2\/posts\/12972","targetHints":{"allow":["GET"]}}],"collection":[{"href":"https:\/\/www.oparanews.com.br\/index.php\/wp-json\/wp\/v2\/posts"}],"about":[{"href":"https:\/\/www.oparanews.com.br\/index.php\/wp-json\/wp\/v2\/types\/post"}],"author":[{"embeddable":true,"href":"https:\/\/www.oparanews.com.br\/index.php\/wp-json\/wp\/v2\/users\/1"}],"replies":[{"embeddable":true,"href":"https:\/\/www.oparanews.com.br\/index.php\/wp-json\/wp\/v2\/comments?post=12972"}],"version-history":[{"count":0,"href":"https:\/\/www.oparanews.com.br\/index.php\/wp-json\/wp\/v2\/posts\/12972\/revisions"}],"wp:attachment":[{"href":"https:\/\/www.oparanews.com.br\/index.php\/wp-json\/wp\/v2\/media?parent=12972"}],"wp:term":[{"taxonomy":"category","embeddable":true,"href":"https:\/\/www.oparanews.com.br\/index.php\/wp-json\/wp\/v2\/categories?post=12972"},{"taxonomy":"post_tag","embeddable":true,"href":"https:\/\/www.oparanews.com.br\/index.php\/wp-json\/wp\/v2\/tags?post=12972"}],"curies":[{"name":"wp","href":"https:\/\/api.w.org\/{rel}","templated":true}]}}