{"id":12974,"date":"2021-02-15T19:25:26","date_gmt":"2021-02-15T19:25:26","guid":{"rendered":"https:\/\/oparanews.com.br\/?p=12974"},"modified":"2021-02-15T19:25:26","modified_gmt":"2021-02-15T19:25:26","slug":"bbb-21-sarah-nego-di-e-fiuk-estao-no-terceiro-paredao","status":"publish","type":"post","link":"https:\/\/www.oparanews.com.br\/index.php\/2021\/02\/15\/bbb-21-sarah-nego-di-e-fiuk-estao-no-terceiro-paredao\/","title":{"rendered":"BBB 21: Sarah, Nego Di e Fiuk est\u00e3o no terceiro pared\u00e3o"},"content":{"rendered":"<p>O terceiro pared\u00e3o do BBB 21 foi definido no fim da noite deste domingo (14). Indicada pela l\u00edder Karol Conk\u00e1, Sarah Andrade foi a primeira participante da edi\u00e7\u00e3o integrar a nova berlinda, seguida por Nego Di, que entrou na disputa da semana ap\u00f3s contragolpe, e Fiuk, com total de cinco votos dentro da casa.<\/p>\n<p>Dessa vez, a prova &#8216;Bate e Volta&#8217; n\u00e3o foi realizada pelo programa, que resolveu aderir a uma estrat\u00e9gia diferente para movimentar o jogo. Neste domingo, conforme explicado pelo apresentador Tiago Leifert, o participante indicado pelo l\u00edder poderia &#8220;convocar&#8221; outro colega de confinamento para competir pela prefer\u00eancia do p\u00fablico.<\/p>\n<p>Assim, Sarah e Nego Di, do grupo &#8216;Pipoca&#8217; e &#8216;Camarote&#8217;, respectivamente, foram os primeiros a entrarem para a vota\u00e7\u00e3o da semana. Durante indica\u00e7\u00e3o, Conk\u00e1 justificou o voto na brasiliense. &#8220;Hoje eu indico a Sarah porque acredito que a forma como ela joga \u00e9 um pouco prejudicial para as rela\u00e7\u00f5es aqui na casa&#8221;, comentou.<\/p>\n<p>Caio Afiune, vencedor da Prova do Anjo realizada na \u00faltima sexta-feira (12), concedeu a imunidade a Rodolffo. Segundo ele, a decis\u00e3o foi baseada na amizade constru\u00edda no jogo. &#8220;Vou devolver o anjo para o meu irmaoz\u00e3o aqui, que ele me deu da outra vez, e n\u00e3o s\u00f3 por isso&#8221;, pontuou o fazendeiro.<\/p>\n<p>Antes da forma\u00e7\u00e3o do pared\u00e3o, Leifert explicou para os expectadores qual seria a din\u00e2mica da semana. Apenas a cantora Karol Conk\u00e1, por conta da lideran\u00e7a, e o cantor Rodolffo, por causa da imunidade, n\u00e3o puderam ser votados.<\/p>\n<p>&nbsp;<\/p>\n<p><strong>Fonte: com Ag\u00eancias<\/strong><\/p>\n<p>&nbsp;<\/p>\n","protected":false},"excerpt":{"rendered":"<p>O terceiro pared\u00e3o do BBB 21 foi definido no fim da noite deste domingo (14). Indicada pela l\u00edder Karol Conk\u00e1, Sarah Andrade foi a primeira participante da edi\u00e7\u00e3o integrar a nova berlinda, seguida por Nego Di, que entrou na disputa da semana ap\u00f3s contragolpe, e Fiuk, com total de cinco votos dentro da casa. Dessa &hellip;<\/p>\n","protected":false},"author":1,"featured_media":12975,"comment_status":"closed","ping_status":"closed","sticky":false,"template":"","format":"standard","meta":{"_jetpack_newsletter_access":"","_jetpack_dont_email_post_to_subs":false,"_jetpack_newsletter_tier_id":0,"_jetpack_memberships_contains_paywalled_content":false,"_jetpack_memberships_contains_paid_content":false,"footnotes":""},"categories":[1],"tags":[],"class_list":["post-12974","post","type-post","status-publish","format-standard","has-post-thumbnail","hentry","category-destaque"],"jetpack_sharing_enabled":true,"jetpack_featured_media_url":"","_links":{"self":[{"href":"https:\/\/www.oparanews.com.br\/index.php\/wp-json\/wp\/v2\/posts\/12974","targetHints":{"allow":["GET"]}}],"collection":[{"href":"https:\/\/www.oparanews.com.br\/index.php\/wp-json\/wp\/v2\/posts"}],"about":[{"href":"https:\/\/www.oparanews.com.br\/index.php\/wp-json\/wp\/v2\/types\/post"}],"author":[{"embeddable":true,"href":"https:\/\/www.oparanews.com.br\/index.php\/wp-json\/wp\/v2\/users\/1"}],"replies":[{"embeddable":true,"href":"https:\/\/www.oparanews.com.br\/index.php\/wp-json\/wp\/v2\/comments?post=12974"}],"version-history":[{"count":0,"href":"https:\/\/www.oparanews.com.br\/index.php\/wp-json\/wp\/v2\/posts\/12974\/revisions"}],"wp:attachment":[{"href":"https:\/\/www.oparanews.com.br\/index.php\/wp-json\/wp\/v2\/media?parent=12974"}],"wp:term":[{"taxonomy":"category","embeddable":true,"href":"https:\/\/www.oparanews.com.br\/index.php\/wp-json\/wp\/v2\/categories?post=12974"},{"taxonomy":"post_tag","embeddable":true,"href":"https:\/\/www.oparanews.com.br\/index.php\/wp-json\/wp\/v2\/tags?post=12974"}],"curies":[{"name":"wp","href":"https:\/\/api.w.org\/{rel}","templated":true}]}}