{"id":12977,"date":"2021-02-15T19:30:16","date_gmt":"2021-02-15T19:30:16","guid":{"rendered":"https:\/\/oparanews.com.br\/?p=12977"},"modified":"2021-02-15T19:30:16","modified_gmt":"2021-02-15T19:30:16","slug":"inter-deve-pagar-multa-de-r-1-mi-para-ter-rodinei-contra-fla","status":"publish","type":"post","link":"https:\/\/www.oparanews.com.br\/index.php\/2021\/02\/15\/inter-deve-pagar-multa-de-r-1-mi-para-ter-rodinei-contra-fla\/","title":{"rendered":"Inter deve pagar multa de R$ 1 mi para ter Rodinei contra Fla"},"content":{"rendered":"<p>O Inter ainda avalia a situa\u00e7\u00e3o de Rodinei, mas indica que pagar\u00e1 a multa de R$ 1 milh\u00e3o para ter o lateral-direito em campo contra o Flamengo, no pr\u00f3ximo domingo, no Maracan\u00e3, em jogo que pode decidir o t\u00edtulo do Campeonato Brasileiro. O Rubro-Negro, por sua vez, observa a situa\u00e7\u00e3o e aposta na manuten\u00e7\u00e3o do mist\u00e9rio at\u00e9 momentos antes da partida.<\/p>\n<p>Rodinei est\u00e1 emprestado pelo clube carioca ao Colorado at\u00e9 maio. No momento do acerto entre os clubes, ficou acordado que, em caso de utiliza\u00e7\u00e3o do lateral contra o clube, a cl\u00e1usula entraria em vigor. No primeiro turno, Rodinei ficou fora do empate em 2 a 2.<\/p>\n<p>A dire\u00e7\u00e3o colorada n\u00e3o precisa avisar previamente o Flamengo se vai ou n\u00e3o utilizar o jogador. Mas se Rodinei entrar em campo, ter\u00e1 prazo de 24 horas ap\u00f3s a partida para pagar R$ 1 milh\u00e3o \u00e0 vista. O contrato ainda prev\u00ea multa e juros em caso no atraso no pagamento.<\/p>\n<p>Conforme apurado pelo ge, a tend\u00eancia atual \u00e9 pela utiliza\u00e7\u00e3o de Rodinei. Mas o Inter manter\u00e1 a d\u00favida at\u00e9 o jogo de domingo. Em entrevista ap\u00f3s a vit\u00f3ria sobre o Vasco, o presidente Alessandro Barcellos disse que o assunto ainda ser\u00e1 discutido internamente, mas que o valor n\u00e3o ser\u00e1 um impeditivo.<\/p>\n<p>\u2013 O Inter parte para duas partidas decisivas e a decis\u00e3o de quem vai jogar, quem n\u00e3o vai, n\u00f3s teremos essa discuss\u00e3o conjuntamente a partir de agora. Mas o Inter n\u00e3o est\u00e1 preocupado com os valores, mas em buscar esse t\u00edtulo \u2013 afirmou o mandat\u00e1rio.<\/p>\n<p>O discurso de Barcellos entra em sintonia com o que pensa Abel Braga. O treinador espera a decis\u00e3o da dire\u00e7\u00e3o, mas j\u00e1 revelou que espera ter o jogador de 29 anos \u00e0 disposi\u00e7\u00e3o no jogo decisivo. Entusiasta do futebol de Rodinei, o t\u00e9cnico acha que, inclusive, ele merece estar na sele\u00e7\u00e3o dos melhores jogadores do campeonato.<\/p>\n<p>\u2013 Gostaria de contar com toda a equipe. Quem sabe disso \u00e9 a dire\u00e7\u00e3o. Rodinei, acho que pelo campeonato, com certeza pode vir coisa muito boa para ele, terminar na sele\u00e7\u00e3o. Est\u00e1 em momento e forma extraordin\u00e1rios, for\u00e7a e velocidade incr\u00edvel. \u00c9 uma multa, ningu\u00e9m soube hoje. Quest\u00e3o financeira. Vamos ver. A dire\u00e7\u00e3o que vai resolver \u2013 disse Abel.<\/p>\n<p>A presen\u00e7a do lateral ganha ainda mais import\u00e2ncia ap\u00f3s o Inter perder V\u00edctor Cuesta, que recebeu o terceiro cart\u00e3o amarelo e cumprir\u00e1 suspens\u00e3o contra o Flamengo. Vale lembrar: Abel Braga j\u00e1 n\u00e3o conta com Rodrigo Moledo, que sofreu uma les\u00e3o grave no joelho e s\u00f3 volta no fim do ano. Z\u00e9 Gabriel, Pedro Henrique e Matheus Jussa disputam a posi\u00e7\u00e3o do argentino.<\/p>\n<p>&nbsp;<\/p>\n<p><strong>Fonte: GE<\/strong><\/p>\n<p>&nbsp;<\/p>\n","protected":false},"excerpt":{"rendered":"<p>O Inter ainda avalia a situa\u00e7\u00e3o de Rodinei, mas indica que pagar\u00e1 a multa de R$ 1 milh\u00e3o para ter o lateral-direito em campo contra o Flamengo, no pr\u00f3ximo domingo, no Maracan\u00e3, em jogo que pode decidir o t\u00edtulo do Campeonato Brasileiro. O Rubro-Negro, por sua vez, observa a situa\u00e7\u00e3o e aposta na manuten\u00e7\u00e3o do &hellip;<\/p>\n","protected":false},"author":1,"featured_media":12978,"comment_status":"closed","ping_status":"closed","sticky":false,"template":"","format":"standard","meta":{"_jetpack_newsletter_access":"","_jetpack_dont_email_post_to_subs":false,"_jetpack_newsletter_tier_id":0,"_jetpack_memberships_contains_paywalled_content":false,"_jetpack_memberships_contains_paid_content":false,"footnotes":""},"categories":[1],"tags":[],"class_list":["post-12977","post","type-post","status-publish","format-standard","has-post-thumbnail","hentry","category-destaque"],"jetpack_sharing_enabled":true,"jetpack_featured_media_url":"","_links":{"self":[{"href":"https:\/\/www.oparanews.com.br\/index.php\/wp-json\/wp\/v2\/posts\/12977","targetHints":{"allow":["GET"]}}],"collection":[{"href":"https:\/\/www.oparanews.com.br\/index.php\/wp-json\/wp\/v2\/posts"}],"about":[{"href":"https:\/\/www.oparanews.com.br\/index.php\/wp-json\/wp\/v2\/types\/post"}],"author":[{"embeddable":true,"href":"https:\/\/www.oparanews.com.br\/index.php\/wp-json\/wp\/v2\/users\/1"}],"replies":[{"embeddable":true,"href":"https:\/\/www.oparanews.com.br\/index.php\/wp-json\/wp\/v2\/comments?post=12977"}],"version-history":[{"count":0,"href":"https:\/\/www.oparanews.com.br\/index.php\/wp-json\/wp\/v2\/posts\/12977\/revisions"}],"wp:attachment":[{"href":"https:\/\/www.oparanews.com.br\/index.php\/wp-json\/wp\/v2\/media?parent=12977"}],"wp:term":[{"taxonomy":"category","embeddable":true,"href":"https:\/\/www.oparanews.com.br\/index.php\/wp-json\/wp\/v2\/categories?post=12977"},{"taxonomy":"post_tag","embeddable":true,"href":"https:\/\/www.oparanews.com.br\/index.php\/wp-json\/wp\/v2\/tags?post=12977"}],"curies":[{"name":"wp","href":"https:\/\/api.w.org\/{rel}","templated":true}]}}