{"id":12980,"date":"2021-02-15T19:39:49","date_gmt":"2021-02-15T19:39:49","guid":{"rendered":"https:\/\/oparanews.com.br\/?p=12980"},"modified":"2021-02-15T19:39:49","modified_gmt":"2021-02-15T19:39:49","slug":"narrador-arivaldo-maia-tem-alta-hospitalar-apos-um-mes-de-internacao","status":"publish","type":"post","link":"https:\/\/www.oparanews.com.br\/index.php\/2021\/02\/15\/narrador-arivaldo-maia-tem-alta-hospitalar-apos-um-mes-de-internacao\/","title":{"rendered":"Narrador Arivaldo Maia tem alta hospitalar ap\u00f3s um m\u00eas de interna\u00e7\u00e3o"},"content":{"rendered":"<p>Ap\u00f3s passar pouco mais de trinta dias internado devido \u00e0s complica\u00e7\u00f5es causadas pela Covid-19, o narrador e cronista esportivo Arivaldo Maia, de 74 anos, recebeu alta hospitalar nesta segunda-feira (15). O jornalista passou a maior parte de sua interna\u00e7\u00e3o em uma Unidade de Terapia Intensiva (UTI) do Instituto do C\u00e2ncer da MedR\u00e1dius e chegou a precisar de doa\u00e7\u00e3o de sangue para o tratamento contra a doen\u00e7a.<\/p>\n<p>Atualmente como chefe do Tima\u00e7o, da R\u00e1dio 98,3 FM, Arivaldo Maia \u00e9 um dos locutores esportivos de maior destaque em Alagoas, veterano em coberturas de Copas do Mundo e Copas Am\u00e9rica, e, tamb\u00e9m, transmitiu os jogos ol\u00edmpicos dos Estados Unidos.<\/p>\n<p>O jornalista esteve nas Copas do Mundo do M\u00e9xico, Espanha, Fran\u00e7a e Alemanha. Tamb\u00e9m atuou nas Copas Am\u00e9rica na Argentina, Uruguai, Bol\u00edvia, Paraguai e outros pa\u00edses da Am\u00e9rica do Sul.<\/p>\n<p>Ap\u00f3s a alta, Arivaldo seguir\u00e1 com os cuidados m\u00e9dicos em sua resid\u00eancia.<\/p>\n<p>&nbsp;<\/p>\n<p><strong>Fonte: Gazetaweb<\/strong><\/p>\n<p>&nbsp;<\/p>\n","protected":false},"excerpt":{"rendered":"<p>Ap\u00f3s passar pouco mais de trinta dias internado devido \u00e0s complica\u00e7\u00f5es causadas pela Covid-19, o narrador e cronista esportivo Arivaldo Maia, de 74 anos, recebeu alta hospitalar nesta segunda-feira (15). O jornalista passou a maior parte de sua interna\u00e7\u00e3o em uma Unidade de Terapia Intensiva (UTI) do Instituto do C\u00e2ncer da MedR\u00e1dius e chegou a &hellip;<\/p>\n","protected":false},"author":1,"featured_media":12981,"comment_status":"closed","ping_status":"closed","sticky":false,"template":"","format":"standard","meta":{"_jetpack_newsletter_access":"","_jetpack_dont_email_post_to_subs":false,"_jetpack_newsletter_tier_id":0,"_jetpack_memberships_contains_paywalled_content":false,"_jetpack_memberships_contains_paid_content":false,"footnotes":""},"categories":[1],"tags":[],"class_list":["post-12980","post","type-post","status-publish","format-standard","has-post-thumbnail","hentry","category-destaque"],"jetpack_sharing_enabled":true,"jetpack_featured_media_url":"","_links":{"self":[{"href":"https:\/\/www.oparanews.com.br\/index.php\/wp-json\/wp\/v2\/posts\/12980","targetHints":{"allow":["GET"]}}],"collection":[{"href":"https:\/\/www.oparanews.com.br\/index.php\/wp-json\/wp\/v2\/posts"}],"about":[{"href":"https:\/\/www.oparanews.com.br\/index.php\/wp-json\/wp\/v2\/types\/post"}],"author":[{"embeddable":true,"href":"https:\/\/www.oparanews.com.br\/index.php\/wp-json\/wp\/v2\/users\/1"}],"replies":[{"embeddable":true,"href":"https:\/\/www.oparanews.com.br\/index.php\/wp-json\/wp\/v2\/comments?post=12980"}],"version-history":[{"count":0,"href":"https:\/\/www.oparanews.com.br\/index.php\/wp-json\/wp\/v2\/posts\/12980\/revisions"}],"wp:attachment":[{"href":"https:\/\/www.oparanews.com.br\/index.php\/wp-json\/wp\/v2\/media?parent=12980"}],"wp:term":[{"taxonomy":"category","embeddable":true,"href":"https:\/\/www.oparanews.com.br\/index.php\/wp-json\/wp\/v2\/categories?post=12980"},{"taxonomy":"post_tag","embeddable":true,"href":"https:\/\/www.oparanews.com.br\/index.php\/wp-json\/wp\/v2\/tags?post=12980"}],"curies":[{"name":"wp","href":"https:\/\/api.w.org\/{rel}","templated":true}]}}