{"id":12983,"date":"2021-02-16T14:32:09","date_gmt":"2021-02-16T14:32:09","guid":{"rendered":"https:\/\/oparanews.com.br\/?p=12983"},"modified":"2021-02-16T14:32:09","modified_gmt":"2021-02-16T14:32:09","slug":"jovem-morre-apos-ser-atingido-por-facada-no-abdomen","status":"publish","type":"post","link":"https:\/\/www.oparanews.com.br\/index.php\/2021\/02\/16\/jovem-morre-apos-ser-atingido-por-facada-no-abdomen\/","title":{"rendered":"Jovem morre ap\u00f3s ser atingido por facada no abd\u00f4men"},"content":{"rendered":"<p>Um jovem de 19 anos morreu na segunda-feira (15) ap\u00f3s ser atingido por uma facada no abd\u00f4men na Cidade Universit\u00e1ria, parte alta de Macei\u00f3. Nenhum criminoso foi preso.<\/p>\n<p>De acordo com informa\u00e7\u00f5es do Batalh\u00e3o de Pol\u00edcia de Guarda, o crime ocorreu perto do terminal rodovi\u00e1rio. O Servi\u00e7o de Atendimento M\u00f3vel de Urg\u00eancia (Samu) foi acionado, mas Jos\u00e9 Amadeus Cavalcante Oliveira morreu antes de receber socorro m\u00e9dico.<\/p>\n<p>A motiva\u00e7\u00e3o do crime ainda \u00e9 desconhecida. A Delegacia de Homic\u00eddios e Prote\u00e7\u00e3o \u00e0 Pessoa (DHPP) vai investigar o caso.<\/p>\n<p>Os institutos de Criminal\u00edstica (IC) e M\u00e9dico Legal (IML) foram acionados para fazer a per\u00edcia e recolher o corpo da v\u00edtima.<\/p>\n<p>&nbsp;<\/p>\n<p><strong>Fonte: G1\/AL<\/strong><\/p>\n<p>&nbsp;<\/p>\n","protected":false},"excerpt":{"rendered":"<p>Um jovem de 19 anos morreu na segunda-feira (15) ap\u00f3s ser atingido por uma facada no abd\u00f4men na Cidade Universit\u00e1ria, parte alta de Macei\u00f3. Nenhum criminoso foi preso. De acordo com informa\u00e7\u00f5es do Batalh\u00e3o de Pol\u00edcia de Guarda, o crime ocorreu perto do terminal rodovi\u00e1rio. O Servi\u00e7o de Atendimento M\u00f3vel de Urg\u00eancia (Samu) foi acionado, &hellip;<\/p>\n","protected":false},"author":1,"featured_media":12984,"comment_status":"closed","ping_status":"closed","sticky":false,"template":"","format":"standard","meta":{"_jetpack_newsletter_access":"","_jetpack_dont_email_post_to_subs":false,"_jetpack_newsletter_tier_id":0,"_jetpack_memberships_contains_paywalled_content":false,"_jetpack_memberships_contains_paid_content":false,"footnotes":""},"categories":[1],"tags":[],"class_list":["post-12983","post","type-post","status-publish","format-standard","has-post-thumbnail","hentry","category-destaque"],"jetpack_sharing_enabled":true,"jetpack_featured_media_url":"","_links":{"self":[{"href":"https:\/\/www.oparanews.com.br\/index.php\/wp-json\/wp\/v2\/posts\/12983","targetHints":{"allow":["GET"]}}],"collection":[{"href":"https:\/\/www.oparanews.com.br\/index.php\/wp-json\/wp\/v2\/posts"}],"about":[{"href":"https:\/\/www.oparanews.com.br\/index.php\/wp-json\/wp\/v2\/types\/post"}],"author":[{"embeddable":true,"href":"https:\/\/www.oparanews.com.br\/index.php\/wp-json\/wp\/v2\/users\/1"}],"replies":[{"embeddable":true,"href":"https:\/\/www.oparanews.com.br\/index.php\/wp-json\/wp\/v2\/comments?post=12983"}],"version-history":[{"count":0,"href":"https:\/\/www.oparanews.com.br\/index.php\/wp-json\/wp\/v2\/posts\/12983\/revisions"}],"wp:attachment":[{"href":"https:\/\/www.oparanews.com.br\/index.php\/wp-json\/wp\/v2\/media?parent=12983"}],"wp:term":[{"taxonomy":"category","embeddable":true,"href":"https:\/\/www.oparanews.com.br\/index.php\/wp-json\/wp\/v2\/categories?post=12983"},{"taxonomy":"post_tag","embeddable":true,"href":"https:\/\/www.oparanews.com.br\/index.php\/wp-json\/wp\/v2\/tags?post=12983"}],"curies":[{"name":"wp","href":"https:\/\/api.w.org\/{rel}","templated":true}]}}