{"id":12986,"date":"2021-02-16T14:36:43","date_gmt":"2021-02-16T14:36:43","guid":{"rendered":"https:\/\/oparanews.com.br\/?p=12986"},"modified":"2021-02-16T14:36:43","modified_gmt":"2021-02-16T14:36:43","slug":"lava-jato-prendeu-lula-e-apoiou-eleicao-de-jair-bolsonaro","status":"publish","type":"post","link":"https:\/\/www.oparanews.com.br\/index.php\/2021\/02\/16\/lava-jato-prendeu-lula-e-apoiou-eleicao-de-jair-bolsonaro\/","title":{"rendered":"Lava Jato prendeu Lula e apoiou elei\u00e7\u00e3o de Bolsonaro"},"content":{"rendered":"<p>O ministro Gilmar Mendes, do Supremo Tribunal Federal, disse nesta segunda-feira (15), em entrevista \u00e0 BBC News Brasil, que a Opera\u00e7\u00e3o Lava Jato &#8220;apoiou a elei\u00e7\u00e3o de Jair Bolsonaro&#8221;, &#8220;tentou interferir&#8221; no resultado eleitoral e &#8220;agiu para perturbar o pa\u00eds&#8221; durante a gest\u00e3o de Michel Temer.<\/p>\n<p>Perto de liberar para julgamento a a\u00e7\u00e3o em que o ex-presidente Luiz In\u00e1cio Lula da Silva pede a anula\u00e7\u00e3o da sua condena\u00e7\u00e3o no caso do Tr\u00edplex do Guaruj\u00e1, Gilmar Mendes afirmou tamb\u00e9m que o ex-juiz federal e ex-ministro da Justi\u00e7a Sergio Moro &#8220;fez tudo o que n\u00e3o condiz&#8221; com o que se espera da rela\u00e7\u00e3o entre juiz e Minist\u00e9rio P\u00fablico numa investiga\u00e7\u00e3o criminal.<\/p>\n<p>O julgamento do recurso de Lula teve in\u00edcio em dezembro de 2018 e foi interrompido por um pedido de vista de Mendes. Na \u00e9poca, dois ministros chegaram a votar contra o pedido do ex-presidente: o relator Luiz Edson Fachin e C\u00e1rmen L\u00facia. Segundo Mendes, o caso ser\u00e1 liberado para vota\u00e7\u00e3o neste semestre.<\/p>\n<p>Na a\u00e7\u00e3o, a defesa de Lula questiona a imparcialidade de Moro e cita como uma das provas disso o fato de o juiz ter aceitado ser ministro da Justi\u00e7a do governo Bolsonaro.<\/p>\n<p>Moro foi o primeiro a condenar Lula, em 2017, no processo em que o ex-presidente \u00e9 acusado de ter recebido a propriedade de um tr\u00edplex no Guaruj\u00e1 da empreiteira OAS como parte de propina em troca de contratos da empresa com a Petrobras. Depois a condena\u00e7\u00e3o foi confirmada pelo Tribunal Regional Federal (TRF) da 4\u00aa Regi\u00e3o e pelo Superior Tribunal de Justi\u00e7a (STJ).<\/p>\n<p>&#8220;A Lava Jato tinha candidato e tinha programa no processo eleitoral&#8221;, disse Mendes \u00e0 BBC News Brasil.<\/p>\n<p>&#8220;Primeiro a Lava Jato atua na pris\u00e3o do Lula. Prestes \u00e0 elei\u00e7\u00e3o, a Lava Jato divulga o chamado depoimento ou dela\u00e7\u00e3o do Palocci, tentando influenciar o processo eleitoral. Depois, o Moro vai para o governo Bolsonaro, portanto eles n\u00e3o s\u00f3 apoiaram como depois passam a integrar o governo Bolsonaro&#8221;, exemplificou o ministro.<\/p>\n<p>Questionado se uma eventual anula\u00e7\u00e3o da condena\u00e7\u00e3o de Lula n\u00e3o poderia gerar efeito cascata, beneficiando os demais r\u00e9us da Lava Jato, o ministro do STF disse que cada caso ser\u00e1 analisado individualmente.<\/p>\n<p>Ele destacou, por\u00e9m, que condena\u00e7\u00f5es que se basearam na colabora\u00e7\u00e3o informal entre procuradores da Lava Jato e autoridades estrangeiras podem ser reavaliadas. E disse haver &#8220;indica\u00e7\u00f5es de que houve v\u00edcios nos acordos de dela\u00e7\u00e3o premiada e indu\u00e7\u00f5es de declara\u00e7\u00f5es&#8221; dos r\u00e9us na Lava Jato.<\/p>\n<p>Sobre a pandemia de coronav\u00edrus, Gilmar Mendes afirmou que, em parte, o elevado n\u00famero de mortes se deve \u00e0 aus\u00eancia de coordena\u00e7\u00e3o entre o Executivo Federal e governos estaduais, por causa de &#8220;cren\u00e7as que dominavam o governo federal&#8221;, como a rejei\u00e7\u00e3o de medidas de isolamento social.<\/p>\n<p>Apesar disso, o ministro disse n\u00e3o achar que seria &#8220;salutar&#8221; para o pa\u00eds abrir processos de impeachment contra o presidente Jair Bolsonaro. Mais de 60 pedidos foram protocolados no Congresso Nacional, mas a decis\u00e3o sobre abertura cabe ao presidente da C\u00e2mara, Arthur Lira (PP), aliado de Bolsonaro.<\/p>\n<p>&nbsp;<\/p>\n<p><strong>Fonte: BBC News Brasil em Londres<\/strong><\/p>\n<p>&nbsp;<\/p>\n","protected":false},"excerpt":{"rendered":"<p>O ministro Gilmar Mendes, do Supremo Tribunal Federal, disse nesta segunda-feira (15), em entrevista \u00e0 BBC News Brasil, que a Opera\u00e7\u00e3o Lava Jato &#8220;apoiou a elei\u00e7\u00e3o de Jair Bolsonaro&#8221;, &#8220;tentou interferir&#8221; no resultado eleitoral e &#8220;agiu para perturbar o pa\u00eds&#8221; durante a gest\u00e3o de Michel Temer. Perto de liberar para julgamento a a\u00e7\u00e3o em que &hellip;<\/p>\n","protected":false},"author":1,"featured_media":12987,"comment_status":"closed","ping_status":"closed","sticky":false,"template":"","format":"standard","meta":{"_jetpack_newsletter_access":"","_jetpack_dont_email_post_to_subs":false,"_jetpack_newsletter_tier_id":0,"_jetpack_memberships_contains_paywalled_content":false,"_jetpack_memberships_contains_paid_content":false,"footnotes":""},"categories":[1],"tags":[],"class_list":["post-12986","post","type-post","status-publish","format-standard","has-post-thumbnail","hentry","category-destaque"],"jetpack_sharing_enabled":true,"jetpack_featured_media_url":"","_links":{"self":[{"href":"https:\/\/www.oparanews.com.br\/index.php\/wp-json\/wp\/v2\/posts\/12986","targetHints":{"allow":["GET"]}}],"collection":[{"href":"https:\/\/www.oparanews.com.br\/index.php\/wp-json\/wp\/v2\/posts"}],"about":[{"href":"https:\/\/www.oparanews.com.br\/index.php\/wp-json\/wp\/v2\/types\/post"}],"author":[{"embeddable":true,"href":"https:\/\/www.oparanews.com.br\/index.php\/wp-json\/wp\/v2\/users\/1"}],"replies":[{"embeddable":true,"href":"https:\/\/www.oparanews.com.br\/index.php\/wp-json\/wp\/v2\/comments?post=12986"}],"version-history":[{"count":0,"href":"https:\/\/www.oparanews.com.br\/index.php\/wp-json\/wp\/v2\/posts\/12986\/revisions"}],"wp:attachment":[{"href":"https:\/\/www.oparanews.com.br\/index.php\/wp-json\/wp\/v2\/media?parent=12986"}],"wp:term":[{"taxonomy":"category","embeddable":true,"href":"https:\/\/www.oparanews.com.br\/index.php\/wp-json\/wp\/v2\/categories?post=12986"},{"taxonomy":"post_tag","embeddable":true,"href":"https:\/\/www.oparanews.com.br\/index.php\/wp-json\/wp\/v2\/tags?post=12986"}],"curies":[{"name":"wp","href":"https:\/\/api.w.org\/{rel}","templated":true}]}}