{"id":12992,"date":"2021-02-16T14:47:55","date_gmt":"2021-02-16T14:47:55","guid":{"rendered":"https:\/\/oparanews.com.br\/?p=12992"},"modified":"2021-02-16T14:47:55","modified_gmt":"2021-02-16T14:47:55","slug":"pela-quinta-semana-seguida-casos-de-covid-19-caem-no-mundo","status":"publish","type":"post","link":"https:\/\/www.oparanews.com.br\/index.php\/2021\/02\/16\/pela-quinta-semana-seguida-casos-de-covid-19-caem-no-mundo\/","title":{"rendered":"Pela quinta semana seguida, casos de Covid-19 caem no mundo"},"content":{"rendered":"<p>Em entrevista coletiva na tarde desta segunda-feira (15\/2), a Organiza\u00e7\u00e3o Mundial de Sa\u00fade (OMS) confirmou que, pela quinta semana seguida, os casos novos de Covid-19 ca\u00edram no mundo. No momento, o n\u00famero de ocorr\u00eancias \u00e9 semelhante ao registrado durante o m\u00eas de novembro.<\/p>\n<p>Apesar da boa not\u00edcia, Michael Ryan, diretor de emerg\u00eancias da OMS, pediu que a popula\u00e7\u00e3o n\u00e3o entenda a informa\u00e7\u00e3o como uma vit\u00f3ria e abandone as medidas de seguran\u00e7a para evitar a transmiss\u00e3o do v\u00edrus. \u201cSe usarmos como um sinal de al\u00edvio e pararmos de nos cuidar, vamos repetir o que aconteceu e ficaremos surpresos quando uma nova onda surgir. N\u00e3o podemos fazer como da \u00faltima vez, quando permitimos que a transmiss\u00e3o se acelerasse\u201d, explica.<\/p>\n<p>Ryan disse ainda que \u00e9 preciso parar de viver a pandemia de Covid-19 de pico em pico, e sim almejar uma rela\u00e7\u00e3o mais est\u00e1vel, com n\u00edveis baixos de transmiss\u00e3o e poucas mortes. O diretor lembra que h\u00e1 ainda muitos indiv\u00edduos suscet\u00edveis \u00e0 infec\u00e7\u00e3o, e que o v\u00edrus tem se tornado cada vez mais eficiente em se transmitir.<\/p>\n<p>Maria Van Kerkhove, imunologista respons\u00e1vel pela resposta da entidade \u00e0 pandemia, afirma que h\u00e1 raz\u00f5es para ter esperan\u00e7a que o coronav\u00edrus ser\u00e1 controlado. \u201cEstamos todos cansados, querendo que acabe, mas n\u00e3o podemos ser complacentes. Precisamos manter o curso e continuar com as medidas que sabemos ser efetivas\u201d, explica.<\/p>\n<p>&nbsp;<\/p>\n<p><strong>Fonte: Metr\u00f3poles<\/strong><\/p>\n<p>&nbsp;<\/p>\n","protected":false},"excerpt":{"rendered":"<p>Em entrevista coletiva na tarde desta segunda-feira (15\/2), a Organiza\u00e7\u00e3o Mundial de Sa\u00fade (OMS) confirmou que, pela quinta semana seguida, os casos novos de Covid-19 ca\u00edram no mundo. No momento, o n\u00famero de ocorr\u00eancias \u00e9 semelhante ao registrado durante o m\u00eas de novembro. Apesar da boa not\u00edcia, Michael Ryan, diretor de emerg\u00eancias da OMS, pediu &hellip;<\/p>\n","protected":false},"author":1,"featured_media":12993,"comment_status":"closed","ping_status":"closed","sticky":false,"template":"","format":"standard","meta":{"_jetpack_newsletter_access":"","_jetpack_dont_email_post_to_subs":false,"_jetpack_newsletter_tier_id":0,"_jetpack_memberships_contains_paywalled_content":false,"_jetpack_memberships_contains_paid_content":false,"footnotes":""},"categories":[1],"tags":[],"class_list":["post-12992","post","type-post","status-publish","format-standard","has-post-thumbnail","hentry","category-destaque"],"jetpack_sharing_enabled":true,"jetpack_featured_media_url":"","_links":{"self":[{"href":"https:\/\/www.oparanews.com.br\/index.php\/wp-json\/wp\/v2\/posts\/12992","targetHints":{"allow":["GET"]}}],"collection":[{"href":"https:\/\/www.oparanews.com.br\/index.php\/wp-json\/wp\/v2\/posts"}],"about":[{"href":"https:\/\/www.oparanews.com.br\/index.php\/wp-json\/wp\/v2\/types\/post"}],"author":[{"embeddable":true,"href":"https:\/\/www.oparanews.com.br\/index.php\/wp-json\/wp\/v2\/users\/1"}],"replies":[{"embeddable":true,"href":"https:\/\/www.oparanews.com.br\/index.php\/wp-json\/wp\/v2\/comments?post=12992"}],"version-history":[{"count":0,"href":"https:\/\/www.oparanews.com.br\/index.php\/wp-json\/wp\/v2\/posts\/12992\/revisions"}],"wp:attachment":[{"href":"https:\/\/www.oparanews.com.br\/index.php\/wp-json\/wp\/v2\/media?parent=12992"}],"wp:term":[{"taxonomy":"category","embeddable":true,"href":"https:\/\/www.oparanews.com.br\/index.php\/wp-json\/wp\/v2\/categories?post=12992"},{"taxonomy":"post_tag","embeddable":true,"href":"https:\/\/www.oparanews.com.br\/index.php\/wp-json\/wp\/v2\/tags?post=12992"}],"curies":[{"name":"wp","href":"https:\/\/api.w.org\/{rel}","templated":true}]}}