{"id":13002,"date":"2021-02-17T17:52:34","date_gmt":"2021-02-17T17:52:34","guid":{"rendered":"https:\/\/oparanews.com.br\/?p=13002"},"modified":"2021-02-17T17:52:34","modified_gmt":"2021-02-17T17:52:34","slug":"alagoas-reduz-em-mais-da-metade-o-numero-de-assassinatos-no-carnaval","status":"publish","type":"post","link":"https:\/\/www.oparanews.com.br\/index.php\/2021\/02\/17\/alagoas-reduz-em-mais-da-metade-o-numero-de-assassinatos-no-carnaval\/","title":{"rendered":"Alagoas reduz em mais da metade o n\u00famero de assassinatos no carnaval"},"content":{"rendered":"<p>Alagoas teve uma redu\u00e7\u00e3o de mais da metade no n\u00famero de assassinatos de sexta (12) at\u00e9 a ter\u00e7a-feira (16) de carnaval, na compara\u00e7\u00e3o com o mesmo per\u00edodo do ano anterior. Foram 14 homic\u00eddios e 1 feminic\u00eddio neste ano. Em 2020, foram 32 homic\u00eddios e 1 feminic\u00eddio.<\/p>\n<p>Os dados s\u00e3o do N\u00facleo de Estat\u00edstica e An\u00e1lise Criminal (NEAC) da Secretaria de Estado da Seguran\u00e7a P\u00fablica (SSP). O relat\u00f3rio completo ainda vai ser fechado, incluindo os registros da Quarta-feira de Cinzas.<\/p>\n<p>Mas o carnaval deste ano n\u00e3o foi de redu\u00e7\u00e3o de todos os \u00edndices de criminalidade. O levantamento parcial, atualizado nesta manh\u00e3, mostra que a quantidade de registros de tr\u00e1fico de drogas e de apreens\u00e3o de armas foi maior neste ano.<\/p>\n<p>Outro indicador que chama aten\u00e7\u00e3o foi o n\u00famero de den\u00fancias recebidas pela pol\u00edcia neste ano (175), maior que no carnaval anterior (124).<\/p>\n<p>Veja abaixo os dados detalhados, considerando o per\u00edodo de sexta a ter\u00e7a:<\/p>\n<p>Homic\u00eddio<\/p>\n<p>2021: 14<br \/>\n2020: 32<\/p>\n<p>Feminic\u00eddio<\/p>\n<p>2021: 1<br \/>\n2020: 1<\/p>\n<p>Tentativa de homic\u00eddio<\/p>\n<p>2021: 8<br \/>\n2020: 33<\/p>\n<p>Acidente de tr\u00e2nsito (com morte)<\/p>\n<p>2021: 6<br \/>\n2020: 11<\/p>\n<p>Tr\u00e1fico de drogas<\/p>\n<p>2021: 32<br \/>\n2020: 14<\/p>\n<p>Apreens\u00e3o de armas<\/p>\n<p>2021: 20<br \/>\n2020: 17<\/p>\n<p>&nbsp;<\/p>\n<p><strong>Fonte: G1\/AL<\/strong><\/p>\n<p>&nbsp;<\/p>\n","protected":false},"excerpt":{"rendered":"<p>Alagoas teve uma redu\u00e7\u00e3o de mais da metade no n\u00famero de assassinatos de sexta (12) at\u00e9 a ter\u00e7a-feira (16) de carnaval, na compara\u00e7\u00e3o com o mesmo per\u00edodo do ano anterior. Foram 14 homic\u00eddios e 1 feminic\u00eddio neste ano. Em 2020, foram 32 homic\u00eddios e 1 feminic\u00eddio. Os dados s\u00e3o do N\u00facleo de Estat\u00edstica e An\u00e1lise &hellip;<\/p>\n","protected":false},"author":1,"featured_media":13003,"comment_status":"closed","ping_status":"closed","sticky":false,"template":"","format":"standard","meta":{"_jetpack_newsletter_access":"","_jetpack_dont_email_post_to_subs":false,"_jetpack_newsletter_tier_id":0,"_jetpack_memberships_contains_paywalled_content":false,"_jetpack_memberships_contains_paid_content":false,"footnotes":""},"categories":[1],"tags":[],"class_list":["post-13002","post","type-post","status-publish","format-standard","has-post-thumbnail","hentry","category-destaque"],"jetpack_sharing_enabled":true,"jetpack_featured_media_url":"","_links":{"self":[{"href":"https:\/\/www.oparanews.com.br\/index.php\/wp-json\/wp\/v2\/posts\/13002","targetHints":{"allow":["GET"]}}],"collection":[{"href":"https:\/\/www.oparanews.com.br\/index.php\/wp-json\/wp\/v2\/posts"}],"about":[{"href":"https:\/\/www.oparanews.com.br\/index.php\/wp-json\/wp\/v2\/types\/post"}],"author":[{"embeddable":true,"href":"https:\/\/www.oparanews.com.br\/index.php\/wp-json\/wp\/v2\/users\/1"}],"replies":[{"embeddable":true,"href":"https:\/\/www.oparanews.com.br\/index.php\/wp-json\/wp\/v2\/comments?post=13002"}],"version-history":[{"count":0,"href":"https:\/\/www.oparanews.com.br\/index.php\/wp-json\/wp\/v2\/posts\/13002\/revisions"}],"wp:attachment":[{"href":"https:\/\/www.oparanews.com.br\/index.php\/wp-json\/wp\/v2\/media?parent=13002"}],"wp:term":[{"taxonomy":"category","embeddable":true,"href":"https:\/\/www.oparanews.com.br\/index.php\/wp-json\/wp\/v2\/categories?post=13002"},{"taxonomy":"post_tag","embeddable":true,"href":"https:\/\/www.oparanews.com.br\/index.php\/wp-json\/wp\/v2\/tags?post=13002"}],"curies":[{"name":"wp","href":"https:\/\/api.w.org\/{rel}","templated":true}]}}