{"id":13017,"date":"2021-02-17T18:04:12","date_gmt":"2021-02-17T18:04:12","guid":{"rendered":"https:\/\/oparanews.com.br\/?p=13017"},"modified":"2021-02-17T18:04:12","modified_gmt":"2021-02-17T18:04:12","slug":"vasco-entra-com-pedido-de-anulacao-do-jogo-contra-o-inter","status":"publish","type":"post","link":"https:\/\/www.oparanews.com.br\/index.php\/2021\/02\/17\/vasco-entra-com-pedido-de-anulacao-do-jogo-contra-o-inter\/","title":{"rendered":"Vasco entra com pedido de anula\u00e7\u00e3o do jogo contra o Inter"},"content":{"rendered":"<p>Como j\u00e1 havia sido informado que ocorreria, o Vasco entrou, nesta ter\u00e7a-feira, com um pedido de impugna\u00e7\u00e3o da partida do \u00faltimo domingo, contra o Internacional. No Superior Tribunal de Justi\u00e7a Desportiva (STJD), o clube se vale do artigo 84, inciso II do C\u00f3digo Brasileiro de Justi\u00e7a Desportiva (CBJD) para tentar a anula\u00e7\u00e3o do jogo. Na partida, houve muita reclama\u00e7\u00e3o porque Rodrigo Dourado marcou o primeiro gol colorado em posi\u00e7\u00e3o de impedimento. O VAR, com linhas descalibradas, n\u00e3o recomendou anula\u00e7\u00e3o.<\/p>\n<p>O Club de Regatas Vasco da Gama, na forma do art. 84, II, do C\u00f3digo Brasileiro da Justi\u00e7a Desportiva, apresentou, na tarde desta ter\u00e7a-feira (16\/02), ao Superior Tribunal da Justi\u00e7a Desportiva o pedido de Impugna\u00e7\u00e3o da partida entre CR Vasco da Gama x Internacional, ocorrida no \u00faltimo dia 14 de fevereiro de 2021, v\u00e1lida pela 36\u00aa rodada do Campeonato Brasileiro da S\u00e9rie A de 2020 (que se encerra em Fevereiro de 2021).<\/p>\n<p>A Diretoria Administrativa do Clube, presidida por Jorge Salgado, reitera seu compromisso em garantir ao Vasco igualdade de condi\u00e7\u00f5es ao Clube em todas as competi\u00e7\u00f5es que participa, n\u00e3o tolerando mais, de forma omissa, qualquer eventual comportamento danoso ao CRVG.&#8221;<\/p>\n<p>&nbsp;<\/p>\n<p><strong>Fonte: LANCE<\/strong><\/p>\n<p>&nbsp;<\/p>\n","protected":false},"excerpt":{"rendered":"<p>Como j\u00e1 havia sido informado que ocorreria, o Vasco entrou, nesta ter\u00e7a-feira, com um pedido de impugna\u00e7\u00e3o da partida do \u00faltimo domingo, contra o Internacional. No Superior Tribunal de Justi\u00e7a Desportiva (STJD), o clube se vale do artigo 84, inciso II do C\u00f3digo Brasileiro de Justi\u00e7a Desportiva (CBJD) para tentar a anula\u00e7\u00e3o do jogo. Na &hellip;<\/p>\n","protected":false},"author":1,"featured_media":13018,"comment_status":"closed","ping_status":"closed","sticky":false,"template":"","format":"standard","meta":{"_jetpack_newsletter_access":"","_jetpack_dont_email_post_to_subs":false,"_jetpack_newsletter_tier_id":0,"_jetpack_memberships_contains_paywalled_content":false,"_jetpack_memberships_contains_paid_content":false,"footnotes":""},"categories":[1],"tags":[],"class_list":["post-13017","post","type-post","status-publish","format-standard","has-post-thumbnail","hentry","category-destaque"],"jetpack_sharing_enabled":true,"jetpack_featured_media_url":"","_links":{"self":[{"href":"https:\/\/www.oparanews.com.br\/index.php\/wp-json\/wp\/v2\/posts\/13017","targetHints":{"allow":["GET"]}}],"collection":[{"href":"https:\/\/www.oparanews.com.br\/index.php\/wp-json\/wp\/v2\/posts"}],"about":[{"href":"https:\/\/www.oparanews.com.br\/index.php\/wp-json\/wp\/v2\/types\/post"}],"author":[{"embeddable":true,"href":"https:\/\/www.oparanews.com.br\/index.php\/wp-json\/wp\/v2\/users\/1"}],"replies":[{"embeddable":true,"href":"https:\/\/www.oparanews.com.br\/index.php\/wp-json\/wp\/v2\/comments?post=13017"}],"version-history":[{"count":0,"href":"https:\/\/www.oparanews.com.br\/index.php\/wp-json\/wp\/v2\/posts\/13017\/revisions"}],"wp:attachment":[{"href":"https:\/\/www.oparanews.com.br\/index.php\/wp-json\/wp\/v2\/media?parent=13017"}],"wp:term":[{"taxonomy":"category","embeddable":true,"href":"https:\/\/www.oparanews.com.br\/index.php\/wp-json\/wp\/v2\/categories?post=13017"},{"taxonomy":"post_tag","embeddable":true,"href":"https:\/\/www.oparanews.com.br\/index.php\/wp-json\/wp\/v2\/tags?post=13017"}],"curies":[{"name":"wp","href":"https:\/\/api.w.org\/{rel}","templated":true}]}}