{"id":13020,"date":"2021-02-17T18:10:25","date_gmt":"2021-02-17T18:10:25","guid":{"rendered":"https:\/\/oparanews.com.br\/?p=13020"},"modified":"2021-02-17T18:10:25","modified_gmt":"2021-02-17T18:10:25","slug":"papa-envia-mensagem-ao-brasil-e-pede-uniao-para-superar-pandemia","status":"publish","type":"post","link":"https:\/\/www.oparanews.com.br\/index.php\/2021\/02\/17\/papa-envia-mensagem-ao-brasil-e-pede-uniao-para-superar-pandemia\/","title":{"rendered":"Papa envia mensagem ao Brasil e pede uni\u00e3o para superar pandemia"},"content":{"rendered":"<p>O papa Francisco enviou uma mensagem para os fi\u00e9is do Brasil nesta quarta-feira (17) pelo in\u00edcio da Campanha da Fraternidade 2021 e pediu a &#8220;supera\u00e7\u00e3o das divis\u00f5es&#8221; para atingir a uni\u00e3o e vencer a pandemia de coronav\u00edrus Sars-CoV-2.<\/p>\n<p>O tema da reflex\u00e3o cat\u00f3lica \u00e9 &#8220;Fraternidade e Di\u00e1logo: compromisso do amor&#8221; e critica o discurso de \u00f3dio e o fundamentalismo religioso, bem como defende os direitos das minorias e a ci\u00eancia no combate \u00e0 pandemia de Covid-19.<\/p>\n<p>&#8220;Precisamos vencer a pandemia e n\u00f3s o faremos \u00e0 medida em que formos capazes de superar as divis\u00f5es e nos unirmos em torno da vida. Como indiquei na recente Enc\u00edclica Fratelli tutti, &#8216;passada a crise sanit\u00e1ria, a pior rea\u00e7\u00e3o seria cair ainda mais num consumismo febril e em novas formas de autoprote\u00e7\u00e3o ego\u00edsta&#8217;. Para que isso n\u00e3o ocorra, a Quaresma nos \u00e9 de grande aux\u00edlio, pois nos chama \u00e0 convers\u00e3o atrav\u00e9s da ora\u00e7\u00e3o, do jejum e da esmola&#8221;, escreveu o l\u00edder cat\u00f3lico.<\/p>\n<p>Segundo Jorge Mario Bergoglio, a 58\u00ba Campanha da Fraternidade convida os fi\u00e9is a &#8220;sentar-se a escutar o outro e, assim, superar os obst\u00e1culos de um mundo que \u00e9 muitas vezes um mundo surdo&#8221;.<\/p>\n<p>&#8220;De fato, quando nos dispomos ao di\u00e1logo, estabelecemos um paradigma de atitude receptiva, de quem supera o narcisismo e acolhe o outro. E, na base desta renovada cultura do di\u00e1logo est\u00e1 Jesus que, como ensina o lema da Campanha deste ano, \u00e9 a nossa paz: &#8216;do que era dividido fez uma unidade&#8217; (Ef 2,14)&#8221;, destaca ainda.<\/p>\n<p>Para o Papa, a &#8220;Campanha da Fraternidade lembra que s\u00e3o os crist\u00e3os os primeiros a ter que dar exemplo, come\u00e7ando pela pr\u00e1tica do di\u00e1logo ecum\u00eanico. Certos de que devemos sempre lembrar-nos de que somos peregrinos, e peregrinamos juntos, no di\u00e1logo ecum\u00eanico podemos verdadeiramente abrir o cora\u00e7\u00e3o ao companheiro de estrada sem medos nem desconfian\u00e7as, e olhar primariamente para o que procuramos: a paz no rosto do \u00fanico Deus. &#8220;\u00c9, pois, motivo de esperan\u00e7a, o fato de que este ano, pela quinta vez, a Campanha da Fraternidade seja realizada com as Igrejas que fazem parte do Conselho Nacional das Igrejas Crist\u00e3s do Brasil (Conic)&#8221;, escreveu ainda.<\/p>\n<p>Ao fim da mensagem, Francisco ressalta que &#8220;a fecundidade do nosso testemunho depender\u00e1 tamb\u00e9m de nossa capacidade de dialogar, encontrar pontos de uni\u00e3o e os traduzir em a\u00e7\u00f5es em favor da vida, de modo especial, a vida dos mais vulner\u00e1veis&#8221;.<\/p>\n<p>Pol\u00eamicas &#8211; A Campanha da Fraternidade causou pol\u00eamica neste ano entre os setores mais conservadores da Igreja Cat\u00f3lica no Brasil por defender, entre outros pontos, os direitos das pessoas LGBTQI+.<\/p>\n<p>Em nota oficial publicada ap\u00f3s a divulga\u00e7\u00e3o do texto-base, a Confer\u00eancia Nacional dos Bispos do Brasil (CNBB) &#8220;reafirma que a Igreja Cat\u00f3lica tem sua doutrina estabelecida a respeito das quest\u00f5es de g\u00eanero e se mant\u00e9m fiel a ela&#8221;.<\/p>\n<p>&#8220;A doutrina cat\u00f3lica sobre as quest\u00f5es de g\u00eanero afirma que &#8216;g\u00eanero \u00e9 a dimens\u00e3o transcendente da sexualidade humana, compat\u00edvel com todos os n\u00edveis da pessoa humana, entre os quais o corpo, a mente, o esp\u00edrito, a alma. O g\u00eanero \u00e9, portanto, male\u00e1vel sujeito a influ\u00eancias internas e externas \u00e0 pessoa humana, mas deve obedecer a ordem natural j\u00e1 predisposta pelo corpo&#8221;, informa.<\/p>\n<p>O texto ainda afirma que a publica\u00e7\u00e3o &#8220;seguiu a estrutura de pensamento e trabalho&#8221; do Conic e que &#8220;n\u00e3o se trata, portanto, de um texto ao estilo do que ocorreria caso fosse preparado apenas pela comiss\u00e3o da CNBB&#8221;. .<\/p>\n<p>&nbsp;<\/p>\n<p><strong>Fonte: Terra<\/strong><\/p>\n<p>&nbsp;<\/p>\n","protected":false},"excerpt":{"rendered":"<p>O papa Francisco enviou uma mensagem para os fi\u00e9is do Brasil nesta quarta-feira (17) pelo in\u00edcio da Campanha da Fraternidade 2021 e pediu a &#8220;supera\u00e7\u00e3o das divis\u00f5es&#8221; para atingir a uni\u00e3o e vencer a pandemia de coronav\u00edrus Sars-CoV-2. O tema da reflex\u00e3o cat\u00f3lica \u00e9 &#8220;Fraternidade e Di\u00e1logo: compromisso do amor&#8221; e critica o discurso de &hellip;<\/p>\n","protected":false},"author":1,"featured_media":13021,"comment_status":"closed","ping_status":"closed","sticky":false,"template":"","format":"standard","meta":{"_jetpack_newsletter_access":"","_jetpack_dont_email_post_to_subs":false,"_jetpack_newsletter_tier_id":0,"_jetpack_memberships_contains_paywalled_content":false,"_jetpack_memberships_contains_paid_content":false,"footnotes":""},"categories":[1],"tags":[],"class_list":["post-13020","post","type-post","status-publish","format-standard","has-post-thumbnail","hentry","category-destaque"],"jetpack_sharing_enabled":true,"jetpack_featured_media_url":"","_links":{"self":[{"href":"https:\/\/www.oparanews.com.br\/index.php\/wp-json\/wp\/v2\/posts\/13020","targetHints":{"allow":["GET"]}}],"collection":[{"href":"https:\/\/www.oparanews.com.br\/index.php\/wp-json\/wp\/v2\/posts"}],"about":[{"href":"https:\/\/www.oparanews.com.br\/index.php\/wp-json\/wp\/v2\/types\/post"}],"author":[{"embeddable":true,"href":"https:\/\/www.oparanews.com.br\/index.php\/wp-json\/wp\/v2\/users\/1"}],"replies":[{"embeddable":true,"href":"https:\/\/www.oparanews.com.br\/index.php\/wp-json\/wp\/v2\/comments?post=13020"}],"version-history":[{"count":0,"href":"https:\/\/www.oparanews.com.br\/index.php\/wp-json\/wp\/v2\/posts\/13020\/revisions"}],"wp:attachment":[{"href":"https:\/\/www.oparanews.com.br\/index.php\/wp-json\/wp\/v2\/media?parent=13020"}],"wp:term":[{"taxonomy":"category","embeddable":true,"href":"https:\/\/www.oparanews.com.br\/index.php\/wp-json\/wp\/v2\/categories?post=13020"},{"taxonomy":"post_tag","embeddable":true,"href":"https:\/\/www.oparanews.com.br\/index.php\/wp-json\/wp\/v2\/tags?post=13020"}],"curies":[{"name":"wp","href":"https:\/\/api.w.org\/{rel}","templated":true}]}}