{"id":13023,"date":"2021-02-17T18:12:34","date_gmt":"2021-02-17T18:12:34","guid":{"rendered":"https:\/\/oparanews.com.br\/?p=13023"},"modified":"2021-02-17T18:12:34","modified_gmt":"2021-02-17T18:12:34","slug":"pesquisadores-alertam-para-descontrole-da-transmissao-do-coronavirus-em-alagoas","status":"publish","type":"post","link":"https:\/\/www.oparanews.com.br\/index.php\/2021\/02\/17\/pesquisadores-alertam-para-descontrole-da-transmissao-do-coronavirus-em-alagoas\/","title":{"rendered":"Pesquisadores alertam para descontrole da transmiss\u00e3o do coronav\u00edrus em Alagoas"},"content":{"rendered":"<p>O Observat\u00f3rio Alagoano de Pol\u00edticas P\u00fablicas para o Enfrentamento da Covid-19, da Universidade Federal de Alagoas (Ufal), alerta para um descontrole da transmiss\u00e3o do coronav\u00edrus no estado. O relat\u00f3rio divulgado nesta quarta-feira (17) considera dados da 6\u00aa semana epidemiol\u00f3gica (SE) de 2021, de 7 a 13 de fevereiro.<\/p>\n<p>As incid\u00eancias de casos e \u00f3bitos na 6\u00aa SE foram praticamente iguais \u00e0s registradas na semana anterior, quando j\u00e1 se percebia ind\u00edcios do descontrole na transmiss\u00e3o.<\/p>\n<p>Outro fator que demonstra esse agravamento \u00e9 a taxa de ocupa\u00e7\u00e3o das UTIs em todo o estado. Mesmo com a amplia\u00e7\u00e3o de leitos entre novembro de 2020 e fevereiro deste ano, a ocupa\u00e7\u00e3o neste per\u00edodo passou de 37% para 63%.<\/p>\n<p>Considerando apenas o interior, a situa\u00e7\u00e3o \u00e9 ainda mais grave. Eram 76% de ocupa\u00e7\u00e3o na segunda (15), taxa superior \u00e0 margem de seguran\u00e7a recomendada por especialistas, que \u00e9 de 70%.<\/p>\n<p>O destaque negativo vai para o Sert\u00e3o, que m\u00e9dia de 76% dos leitos de UTI ocupados. Somente em Santana do Ipanema, a taxa de ocupa\u00e7\u00e3o \u00e9 de 90%. Penedo e Porto Calvo s\u00e3o os \u00fanicos munic\u00edpios do interior com leitos de UTI para Covid-19 que n\u00e3o est\u00e3o acima do limite de seguran\u00e7a, com 29% e 60% de ocupa\u00e7\u00e3o, respectivamente.<\/p>\n<p>&nbsp;<\/p>\n<p><strong>Fonte: G1\/AL<\/strong><\/p>\n<p>&nbsp;<\/p>\n","protected":false},"excerpt":{"rendered":"<p>O Observat\u00f3rio Alagoano de Pol\u00edticas P\u00fablicas para o Enfrentamento da Covid-19, da Universidade Federal de Alagoas (Ufal), alerta para um descontrole da transmiss\u00e3o do coronav\u00edrus no estado. O relat\u00f3rio divulgado nesta quarta-feira (17) considera dados da 6\u00aa semana epidemiol\u00f3gica (SE) de 2021, de 7 a 13 de fevereiro. As incid\u00eancias de casos e \u00f3bitos na &hellip;<\/p>\n","protected":false},"author":1,"featured_media":13024,"comment_status":"closed","ping_status":"closed","sticky":false,"template":"","format":"standard","meta":{"_jetpack_newsletter_access":"","_jetpack_dont_email_post_to_subs":false,"_jetpack_newsletter_tier_id":0,"_jetpack_memberships_contains_paywalled_content":false,"_jetpack_memberships_contains_paid_content":false,"footnotes":""},"categories":[1],"tags":[],"class_list":["post-13023","post","type-post","status-publish","format-standard","has-post-thumbnail","hentry","category-destaque"],"jetpack_sharing_enabled":true,"jetpack_featured_media_url":"","_links":{"self":[{"href":"https:\/\/www.oparanews.com.br\/index.php\/wp-json\/wp\/v2\/posts\/13023","targetHints":{"allow":["GET"]}}],"collection":[{"href":"https:\/\/www.oparanews.com.br\/index.php\/wp-json\/wp\/v2\/posts"}],"about":[{"href":"https:\/\/www.oparanews.com.br\/index.php\/wp-json\/wp\/v2\/types\/post"}],"author":[{"embeddable":true,"href":"https:\/\/www.oparanews.com.br\/index.php\/wp-json\/wp\/v2\/users\/1"}],"replies":[{"embeddable":true,"href":"https:\/\/www.oparanews.com.br\/index.php\/wp-json\/wp\/v2\/comments?post=13023"}],"version-history":[{"count":0,"href":"https:\/\/www.oparanews.com.br\/index.php\/wp-json\/wp\/v2\/posts\/13023\/revisions"}],"wp:attachment":[{"href":"https:\/\/www.oparanews.com.br\/index.php\/wp-json\/wp\/v2\/media?parent=13023"}],"wp:term":[{"taxonomy":"category","embeddable":true,"href":"https:\/\/www.oparanews.com.br\/index.php\/wp-json\/wp\/v2\/categories?post=13023"},{"taxonomy":"post_tag","embeddable":true,"href":"https:\/\/www.oparanews.com.br\/index.php\/wp-json\/wp\/v2\/tags?post=13023"}],"curies":[{"name":"wp","href":"https:\/\/api.w.org\/{rel}","templated":true}]}}