{"id":13026,"date":"2021-02-17T18:19:47","date_gmt":"2021-02-17T18:19:47","guid":{"rendered":"https:\/\/oparanews.com.br\/?p=13026"},"modified":"2021-02-17T18:19:47","modified_gmt":"2021-02-17T18:19:47","slug":"belo-e-preso-por-show-em-escola-publica-do-rio","status":"publish","type":"post","link":"https:\/\/www.oparanews.com.br\/index.php\/2021\/02\/17\/belo-e-preso-por-show-em-escola-publica-do-rio\/","title":{"rendered":"Belo \u00e9 preso por show em escola p\u00fablica do Rio"},"content":{"rendered":"<p>Belo foi preso hoje pela Dcod (Delegacia de Combate \u00e0s Drogas), da Pol\u00edcia Civil do Rio de Janeiro. O cantor \u00e9 investigado pela realiza\u00e7\u00e3o de um show no Complexo da Mar\u00e9, Zona Norte do Rio, durante a pandemia do novo coronav\u00edrus.<\/p>\n<p>O evento, que aconteceu no interior da Escola Municipal do Parque Uni\u00e3o no \u00faltimo s\u00e1bado (13), n\u00e3o foi autorizado pela Secretaria Municipal de Sa\u00fade.<\/p>\n<p>A pol\u00edcia tamb\u00e9m investiga uma suposta invas\u00e3o ao col\u00e9gio.<\/p>\n<p>Procurada por Splash, a Sepol (Secretaria de Estado de Pol\u00edcia Civil), informou que a opera\u00e7\u00e3o &#8220;\u00c9 o que eu mere\u00e7o&#8221; tamb\u00e9m prendeu preventivamente outras tr\u00eas pessoas al\u00e9m de Belo: C\u00e9lio Caetano e Henrique Marques, s\u00f3cios da produtora S\u00e9rie Gold, respons\u00e1vel pela organiza\u00e7\u00e3o do evento; e Jorge Luiz Moura Barbosa, o Alvarenga, apontado como chefe do tr\u00e1fico no Parque Uni\u00e3o.<\/p>\n<p>&#8220;Como se tal situa\u00e7\u00e3o, por si s\u00f3, n\u00e3o fosse absurda e suficiente para uma resposta do estado, foi verificado junto \u00e0 Seeduc que o evento ocorreu sem qualquer autoriza\u00e7\u00e3o, configurando verdadeiro esbulho\/invas\u00e3o de um pr\u00e9dio p\u00fablico para a realiza\u00e7\u00e3o de um evento privado, contr\u00e1rio ao interesse p\u00fablico e que serviu para propagar ainda mais a doen\u00e7a viral&#8221;, disse o delegado Gustavo de Mello de Castro, titular da Dcod.<\/p>\n<p>A delegacia tamb\u00e9m cumpriu cinco mandados de busca e apreens\u00e3o e confiscou equipamentos e ve\u00edculos.<\/p>\n<p>&nbsp;<\/p>\n<p><strong>Fonte: UOL<\/strong><\/p>\n<p>&nbsp;<\/p>\n","protected":false},"excerpt":{"rendered":"<p>Belo foi preso hoje pela Dcod (Delegacia de Combate \u00e0s Drogas), da Pol\u00edcia Civil do Rio de Janeiro. O cantor \u00e9 investigado pela realiza\u00e7\u00e3o de um show no Complexo da Mar\u00e9, Zona Norte do Rio, durante a pandemia do novo coronav\u00edrus. O evento, que aconteceu no interior da Escola Municipal do Parque Uni\u00e3o no \u00faltimo &hellip;<\/p>\n","protected":false},"author":1,"featured_media":13027,"comment_status":"closed","ping_status":"closed","sticky":false,"template":"","format":"standard","meta":{"_jetpack_newsletter_access":"","_jetpack_dont_email_post_to_subs":false,"_jetpack_newsletter_tier_id":0,"_jetpack_memberships_contains_paywalled_content":false,"_jetpack_memberships_contains_paid_content":false,"footnotes":""},"categories":[1],"tags":[],"class_list":["post-13026","post","type-post","status-publish","format-standard","has-post-thumbnail","hentry","category-destaque"],"jetpack_sharing_enabled":true,"jetpack_featured_media_url":"","_links":{"self":[{"href":"https:\/\/www.oparanews.com.br\/index.php\/wp-json\/wp\/v2\/posts\/13026","targetHints":{"allow":["GET"]}}],"collection":[{"href":"https:\/\/www.oparanews.com.br\/index.php\/wp-json\/wp\/v2\/posts"}],"about":[{"href":"https:\/\/www.oparanews.com.br\/index.php\/wp-json\/wp\/v2\/types\/post"}],"author":[{"embeddable":true,"href":"https:\/\/www.oparanews.com.br\/index.php\/wp-json\/wp\/v2\/users\/1"}],"replies":[{"embeddable":true,"href":"https:\/\/www.oparanews.com.br\/index.php\/wp-json\/wp\/v2\/comments?post=13026"}],"version-history":[{"count":0,"href":"https:\/\/www.oparanews.com.br\/index.php\/wp-json\/wp\/v2\/posts\/13026\/revisions"}],"wp:attachment":[{"href":"https:\/\/www.oparanews.com.br\/index.php\/wp-json\/wp\/v2\/media?parent=13026"}],"wp:term":[{"taxonomy":"category","embeddable":true,"href":"https:\/\/www.oparanews.com.br\/index.php\/wp-json\/wp\/v2\/categories?post=13026"},{"taxonomy":"post_tag","embeddable":true,"href":"https:\/\/www.oparanews.com.br\/index.php\/wp-json\/wp\/v2\/tags?post=13026"}],"curies":[{"name":"wp","href":"https:\/\/api.w.org\/{rel}","templated":true}]}}