{"id":13029,"date":"2021-02-17T18:22:20","date_gmt":"2021-02-17T18:22:20","guid":{"rendered":"https:\/\/oparanews.com.br\/?p=13029"},"modified":"2021-02-17T18:22:20","modified_gmt":"2021-02-17T18:22:20","slug":"gabigol-e-arrascaeta-treinam-normalmente-com-elenco-do-flamengo","status":"publish","type":"post","link":"https:\/\/www.oparanews.com.br\/index.php\/2021\/02\/17\/gabigol-e-arrascaeta-treinam-normalmente-com-elenco-do-flamengo\/","title":{"rendered":"Gabigol e Arrascaeta treinam normalmente com elenco do Flamengo"},"content":{"rendered":"<p>Programa\u00e7\u00e3o cumprida \u00e0 risca no Flamengo. Sem dores, o atacante Gabigol e o meia Arrascaeta treinaram normalmente com o elenco nesta quarta-feira.<\/p>\n<p>Eles j\u00e1 haviam se reapresentado em boas condi\u00e7\u00f5es na ter\u00e7a-feira, quando realizaram trabalho regenerativo, e est\u00e3o \u00e0 disposi\u00e7\u00e3o do t\u00e9cnico Rog\u00e9rio Ceni para a partida contra o Internacional, no pr\u00f3ximo domingo, no Maracan\u00e3.<\/p>\n<p>Tanto Gabigol quanto Arrascaeta deixaram o jogo contra o Corinthians queixando-se de dores: o atacante no joelho, e o meia, no tornozelo. Ainda na coletiva, Ceni mostrou otimismo e disse acreditar que teria eles \u00e0 disposi\u00e7\u00e3o j\u00e1 no treino de quarta, o que se confirmou.<\/p>\n<p>Com a dupla, o Flamengo iniciou nesta quarta-feira a prepara\u00e7\u00e3o para o duelo com o Internacional. O elenco trabalhar\u00e1 no turno da manh\u00e3 no Ninho do Urubu at\u00e9 s\u00e1bado. Na ter\u00e7a-feira, quem foi titular contra o Corinthians realizou um treino regenerativo, e apenas os reservas foram a campo.<\/p>\n<p>A expectativa \u00e9 de que Rog\u00e9rio Ceni repita diante do Inter a escala\u00e7\u00e3o da vit\u00f3ria por 2 a 1 sobre o Corinthians: Hugo, Isla, Willian Ar\u00e3o, Rodrigo Caio e Filipe Lu\u00eds; Diego, G\u00e9rson, Everton Ribeiro e Arrascaeta; Bruno Henrique e Gabigol.<\/p>\n<p>Com 69 pontos, o Inter \u00e9 l\u00edder da competi\u00e7\u00e3o e garante o t\u00edtulo em caso de vit\u00f3ria no Rio de Janeiro. O Flamengo \u00e9 o segundo, com 68, e tem a chance de assumir a ponta. Na \u00faltima rodada, os ga\u00fachos recebem o Corinthians, e os cariocas visitam o S\u00e3o Paulo, quinta-feira, dia 25.<\/p>\n<p>&nbsp;<\/p>\n<p><strong>Fonte: GE<\/strong><\/p>\n<p>&nbsp;<\/p>\n","protected":false},"excerpt":{"rendered":"<p>Programa\u00e7\u00e3o cumprida \u00e0 risca no Flamengo. Sem dores, o atacante Gabigol e o meia Arrascaeta treinaram normalmente com o elenco nesta quarta-feira. Eles j\u00e1 haviam se reapresentado em boas condi\u00e7\u00f5es na ter\u00e7a-feira, quando realizaram trabalho regenerativo, e est\u00e3o \u00e0 disposi\u00e7\u00e3o do t\u00e9cnico Rog\u00e9rio Ceni para a partida contra o Internacional, no pr\u00f3ximo domingo, no Maracan\u00e3. &hellip;<\/p>\n","protected":false},"author":1,"featured_media":13030,"comment_status":"closed","ping_status":"closed","sticky":false,"template":"","format":"standard","meta":{"_jetpack_newsletter_access":"","_jetpack_dont_email_post_to_subs":false,"_jetpack_newsletter_tier_id":0,"_jetpack_memberships_contains_paywalled_content":false,"_jetpack_memberships_contains_paid_content":false,"footnotes":""},"categories":[1],"tags":[],"class_list":["post-13029","post","type-post","status-publish","format-standard","has-post-thumbnail","hentry","category-destaque"],"jetpack_sharing_enabled":true,"jetpack_featured_media_url":"","_links":{"self":[{"href":"https:\/\/www.oparanews.com.br\/index.php\/wp-json\/wp\/v2\/posts\/13029","targetHints":{"allow":["GET"]}}],"collection":[{"href":"https:\/\/www.oparanews.com.br\/index.php\/wp-json\/wp\/v2\/posts"}],"about":[{"href":"https:\/\/www.oparanews.com.br\/index.php\/wp-json\/wp\/v2\/types\/post"}],"author":[{"embeddable":true,"href":"https:\/\/www.oparanews.com.br\/index.php\/wp-json\/wp\/v2\/users\/1"}],"replies":[{"embeddable":true,"href":"https:\/\/www.oparanews.com.br\/index.php\/wp-json\/wp\/v2\/comments?post=13029"}],"version-history":[{"count":0,"href":"https:\/\/www.oparanews.com.br\/index.php\/wp-json\/wp\/v2\/posts\/13029\/revisions"}],"wp:attachment":[{"href":"https:\/\/www.oparanews.com.br\/index.php\/wp-json\/wp\/v2\/media?parent=13029"}],"wp:term":[{"taxonomy":"category","embeddable":true,"href":"https:\/\/www.oparanews.com.br\/index.php\/wp-json\/wp\/v2\/categories?post=13029"},{"taxonomy":"post_tag","embeddable":true,"href":"https:\/\/www.oparanews.com.br\/index.php\/wp-json\/wp\/v2\/tags?post=13029"}],"curies":[{"name":"wp","href":"https:\/\/api.w.org\/{rel}","templated":true}]}}