{"id":13035,"date":"2021-02-17T18:31:55","date_gmt":"2021-02-17T18:31:55","guid":{"rendered":"https:\/\/oparanews.com.br\/?p=13035"},"modified":"2021-02-17T18:31:55","modified_gmt":"2021-02-17T18:31:55","slug":"duas-mulheres-sao-presas-por-trafico-de-drogas-em-penedo","status":"publish","type":"post","link":"https:\/\/www.oparanews.com.br\/index.php\/2021\/02\/17\/duas-mulheres-sao-presas-por-trafico-de-drogas-em-penedo\/","title":{"rendered":"Duas mulheres s\u00e3o presas por tr\u00e1fico de drogas em Penedo"},"content":{"rendered":"<p>Na tarde dessa ter\u00e7a-feira (16) duas garotas de Macei\u00f3, de 19 e 27 anos, foram presas por tr\u00e1fico de drogas em Penedo.<\/p>\n<p>Nas imedia\u00e7\u00f5es do Camartelo a pol\u00edcia se deparou com as suspeitas cortando subst\u00e2ncias an\u00e1logas \u00e0 crack e maconha, com o intuito de comercializ\u00e1-las, o que foi confessado por ambas, que revelaram que a pr\u00e1tica do il\u00edcito era para sustento das mesmas.<\/p>\n<p>Sendo assim, as duas autoras, bem como todo o material apreendido, incluindo l\u00e2minas para corte, inv\u00f3lucros pl\u00e1sticos, balan\u00e7as de precis\u00e3o e uma quantia em dinheiro de c\u00e9dulas com pequeno valor, totalizando R$ 123, foram encaminhados para a delegacia de Coruripe, onde foi confeccionado o competente Auto de Pris\u00e3o em Flagrante em desfavor das duas imputadas.<\/p>\n<p>MATERIAL APREENDIDO<\/p>\n<p>\u2013 19 notas de R$2,00 em esp\u00e9cie;<br \/>\n9 notas de R$5,00 em esp\u00e9cie;<br \/>\n4 notas de R$10,00 em esp\u00e9cie;<\/p>\n<p>Total: R$123,00<\/p>\n<p>\u2013 38 bombinhas de maconha;<\/p>\n<p>\u2013 01 peda\u00e7o inteiro de maconha pesando 145g;<\/p>\n<p>\u2013 40 pedrinhas de crack embaladas + 43 pedrinhas cortadas sem embalagem.<\/p>\n<p>Total: 83 pedrinhas de crack<\/p>\n<p>\u2013 01 pedra inteira de crack pesando 23g;<\/p>\n<p>\u2013 02 balan\u00e7as de precis\u00e3o ( 01 com capacidade para 500g e 01 com capacidade para 10kg);<\/p>\n<p>\u2013 02 l\u00e2minas para corte;<\/p>\n<p>\u2013 01 Celular Samsung J2;<\/p>\n<p>\u2013 01 Celular Samsung J8.<\/p>\n<p>&nbsp;<\/p>\n<p><strong>Com Di\u00e1rio de Arapiraca<\/strong><\/p>\n<p>&nbsp;<\/p>\n","protected":false},"excerpt":{"rendered":"<p>Na tarde dessa ter\u00e7a-feira (16) duas garotas de Macei\u00f3, de 19 e 27 anos, foram presas por tr\u00e1fico de drogas em Penedo. Nas imedia\u00e7\u00f5es do Camartelo a pol\u00edcia se deparou com as suspeitas cortando subst\u00e2ncias an\u00e1logas \u00e0 crack e maconha, com o intuito de comercializ\u00e1-las, o que foi confessado por ambas, que revelaram que a &hellip;<\/p>\n","protected":false},"author":1,"featured_media":13036,"comment_status":"closed","ping_status":"closed","sticky":false,"template":"","format":"standard","meta":{"_jetpack_newsletter_access":"","_jetpack_dont_email_post_to_subs":false,"_jetpack_newsletter_tier_id":0,"_jetpack_memberships_contains_paywalled_content":false,"_jetpack_memberships_contains_paid_content":false,"footnotes":""},"categories":[1],"tags":[],"class_list":["post-13035","post","type-post","status-publish","format-standard","has-post-thumbnail","hentry","category-destaque"],"jetpack_sharing_enabled":true,"jetpack_featured_media_url":"","_links":{"self":[{"href":"https:\/\/www.oparanews.com.br\/index.php\/wp-json\/wp\/v2\/posts\/13035","targetHints":{"allow":["GET"]}}],"collection":[{"href":"https:\/\/www.oparanews.com.br\/index.php\/wp-json\/wp\/v2\/posts"}],"about":[{"href":"https:\/\/www.oparanews.com.br\/index.php\/wp-json\/wp\/v2\/types\/post"}],"author":[{"embeddable":true,"href":"https:\/\/www.oparanews.com.br\/index.php\/wp-json\/wp\/v2\/users\/1"}],"replies":[{"embeddable":true,"href":"https:\/\/www.oparanews.com.br\/index.php\/wp-json\/wp\/v2\/comments?post=13035"}],"version-history":[{"count":0,"href":"https:\/\/www.oparanews.com.br\/index.php\/wp-json\/wp\/v2\/posts\/13035\/revisions"}],"wp:attachment":[{"href":"https:\/\/www.oparanews.com.br\/index.php\/wp-json\/wp\/v2\/media?parent=13035"}],"wp:term":[{"taxonomy":"category","embeddable":true,"href":"https:\/\/www.oparanews.com.br\/index.php\/wp-json\/wp\/v2\/categories?post=13035"},{"taxonomy":"post_tag","embeddable":true,"href":"https:\/\/www.oparanews.com.br\/index.php\/wp-json\/wp\/v2\/tags?post=13035"}],"curies":[{"name":"wp","href":"https:\/\/api.w.org\/{rel}","templated":true}]}}