{"id":13038,"date":"2021-02-18T00:34:00","date_gmt":"2021-02-18T00:34:00","guid":{"rendered":"https:\/\/oparanews.com.br\/?p=13038"},"modified":"2021-02-18T00:34:00","modified_gmt":"2021-02-18T00:34:00","slug":"renan-filho-defende-agilidade-no-cronograma-de-vacinacao-novas-doses-chegam-dia-24","status":"publish","type":"post","link":"https:\/\/www.oparanews.com.br\/index.php\/2021\/02\/18\/renan-filho-defende-agilidade-no-cronograma-de-vacinacao-novas-doses-chegam-dia-24\/","title":{"rendered":"Renan Filho defende agilidade no cronograma de vacina\u00e7\u00e3o; novas doses chegam dia 24"},"content":{"rendered":"<p>Em reuni\u00e3o virtual nesta quarta-feira (17), os governadores do pa\u00eds e o ministro da Sa\u00fade, general Eduardo Pazuello, trataram das pr\u00f3ximas etapas da vacina\u00e7\u00e3o contra a Covid-19. Segundo o governador de Alagoas, Renan Filho, o minist\u00e9rio anunciou que no pr\u00f3ximo dia 24, novas doses ser\u00e3o distribu\u00eddas aos estados brasileiros. O encontro foi marcado pelos governadores para solicitar um cronograma de entrega das vacinas para que a popula\u00e7\u00e3o seja imunizada o quanto antes.<\/p>\n<p>\u201cHoje completamos 30 dias do in\u00edcio da vacina\u00e7\u00e3o no Brasil. Entretanto, vacinamos at\u00e9 agora menos de 3% da nossa popula\u00e7\u00e3o, o que indica a necessidade de agilizarmos o processo para imunizar o quanto antes os idosos e todos os profissionais de sa\u00fade da linha de frente. Isso vai ajudar a tirar a press\u00e3o do sistema de sa\u00fade e a reduzir o n\u00famero de mortes no pa\u00eds\u201d, disse Renan Filho.<\/p>\n<p>O ministro apresentou uma previs\u00e3o do quantitativo de doses j\u00e1 contratadas para imunizar os brasileiros. Segundo Pazuello, o Brasil deve distribuir mais de 11 milh\u00f5es de doses at\u00e9 o final de fevereiro, outras 35 milh\u00f5es em mar\u00e7o e at\u00e9 junho a meta \u00e9 vacinar metade da popula\u00e7\u00e3o. De acordo com o minist\u00e9rio da sa\u00fade, at\u00e9 dezembro a previs\u00e3o \u00e9 de que o pa\u00eds tenha, aproximadamente, 450 milh\u00f5es de doses de diversos laborat\u00f3rios, o que daria para imunizar toda popula\u00e7\u00e3o brasileira vacin\u00e1vel ainda este ano.<\/p>\n<p>Ainda na reuni\u00e3o, os governadores trataram do financiamento de leitos de UTI por parte do Governo Federal e o ministro garantiu que vai continuar habilitando todos os leitos que os estados utilizarem para o tratamento de pessoas acometidas pela Covid-19.<\/p>\n<p>\u201cA garantia dos recursos da Uni\u00e3o para financiar os leitos \u00e9 fundamental para o pleno funcionamento do combate \u00e0 pandemia de Covid-19. Esse \u00e9 momento de uni\u00e3o, todo mundo precisa trabalhar junto para oferecer o melhor resultado \u00e0s pessoas\u201d, completou o governador.<\/p>\n<p>Al\u00e9m dos governadores, participaram da reuni\u00e3o o diretor do Instituto Butantan, Dimas Covas, e a presidente da Funda\u00e7\u00e3o Osvaldo Cruz (Fiocruz), N\u00edsia Trindade.<\/p>\n<p>&nbsp;<\/p>\n<p><strong>Fonte: Ag\u00eancia Alagoas<\/strong><\/p>\n<p>&nbsp;<\/p>\n","protected":false},"excerpt":{"rendered":"<p>Em reuni\u00e3o virtual nesta quarta-feira (17), os governadores do pa\u00eds e o ministro da Sa\u00fade, general Eduardo Pazuello, trataram das pr\u00f3ximas etapas da vacina\u00e7\u00e3o contra a Covid-19. Segundo o governador de Alagoas, Renan Filho, o minist\u00e9rio anunciou que no pr\u00f3ximo dia 24, novas doses ser\u00e3o distribu\u00eddas aos estados brasileiros. O encontro foi marcado pelos governadores &hellip;<\/p>\n","protected":false},"author":1,"featured_media":13039,"comment_status":"closed","ping_status":"closed","sticky":false,"template":"","format":"standard","meta":{"_jetpack_newsletter_access":"","_jetpack_dont_email_post_to_subs":false,"_jetpack_newsletter_tier_id":0,"_jetpack_memberships_contains_paywalled_content":false,"_jetpack_memberships_contains_paid_content":false,"footnotes":""},"categories":[1],"tags":[],"class_list":["post-13038","post","type-post","status-publish","format-standard","has-post-thumbnail","hentry","category-destaque"],"jetpack_sharing_enabled":true,"jetpack_featured_media_url":"","_links":{"self":[{"href":"https:\/\/www.oparanews.com.br\/index.php\/wp-json\/wp\/v2\/posts\/13038","targetHints":{"allow":["GET"]}}],"collection":[{"href":"https:\/\/www.oparanews.com.br\/index.php\/wp-json\/wp\/v2\/posts"}],"about":[{"href":"https:\/\/www.oparanews.com.br\/index.php\/wp-json\/wp\/v2\/types\/post"}],"author":[{"embeddable":true,"href":"https:\/\/www.oparanews.com.br\/index.php\/wp-json\/wp\/v2\/users\/1"}],"replies":[{"embeddable":true,"href":"https:\/\/www.oparanews.com.br\/index.php\/wp-json\/wp\/v2\/comments?post=13038"}],"version-history":[{"count":0,"href":"https:\/\/www.oparanews.com.br\/index.php\/wp-json\/wp\/v2\/posts\/13038\/revisions"}],"wp:attachment":[{"href":"https:\/\/www.oparanews.com.br\/index.php\/wp-json\/wp\/v2\/media?parent=13038"}],"wp:term":[{"taxonomy":"category","embeddable":true,"href":"https:\/\/www.oparanews.com.br\/index.php\/wp-json\/wp\/v2\/categories?post=13038"},{"taxonomy":"post_tag","embeddable":true,"href":"https:\/\/www.oparanews.com.br\/index.php\/wp-json\/wp\/v2\/tags?post=13038"}],"curies":[{"name":"wp","href":"https:\/\/api.w.org\/{rel}","templated":true}]}}