{"id":13041,"date":"2021-02-18T12:35:36","date_gmt":"2021-02-18T12:35:36","guid":{"rendered":"https:\/\/oparanews.com.br\/?p=13041"},"modified":"2021-02-18T12:35:36","modified_gmt":"2021-02-18T12:35:36","slug":"nova-variante-do-coronavirus-e-detectada-em-pacientes-do-interior-de-alagoas","status":"publish","type":"post","link":"https:\/\/www.oparanews.com.br\/index.php\/2021\/02\/18\/nova-variante-do-coronavirus-e-detectada-em-pacientes-do-interior-de-alagoas\/","title":{"rendered":"Nova variante do coronav\u00edrus \u00e9 detectada em pacientes do interior de Alagoas"},"content":{"rendered":"<p>A nova variante brasileira do coronav\u00edrus, identificada como P1, foi detectada em duas pacientes do interior de Alagoas, de 36 e de 64 anos, por meio de an\u00e1lise de amostras enviadas ao laborat\u00f3rio da Funda\u00e7\u00e3o Oswaldo Cruz (Fiocruz). A informa\u00e7\u00e3o consta em uma nota da Superintend\u00eancia de Vigil\u00e2ncia em Sa\u00fade, da Secretaria de Estado da Sa\u00fade (Sesau), divulgada nesta quinta-feira (18).<\/p>\n<p>A confirma\u00e7\u00e3o foi feita pelo laborat\u00f3rio ao governo de Alagoas na ter\u00e7a (16). As pacientes s\u00e3o dos munic\u00edpios de Vi\u00e7osa e de Anadia.<\/p>\n<p>Apenas uma das mulheres tem hist\u00f3rico de viagem para o Amazonas, onde foi registrado o primeiro caso da variante. Uma investiga\u00e7\u00e3o do segundo caso deve apontar se j\u00e1 h\u00e1 transmiss\u00e3o comunit\u00e1ria do estado.<\/p>\n<p>O documento da Sesau ressalta que h\u00e1 evid\u00eancias de que &#8220;esta nova variante possui maior transmissibilidade, ou seja, maior capacidade de dissemina\u00e7\u00e3o, sem, contudo estar associada a quadros cl\u00ednicos mais graves que sua variante de origem&#8221;.<\/p>\n<p><strong>Hist\u00f3rico das pacientes<\/strong><\/p>\n<p><strong>Vi\u00e7osa<\/strong>: A paciente de 36 anos viajou para Manaus no dia 22 de janeiro, onde permaneceu por quatro dias. Ela teve contato com parentes com sintomas gripais, retornou para Alagoas no dia 26, mas um dia antes j\u00e1 apresentou dificuldade para respirar e tosse. No dia 29, a Coordena\u00e7\u00e3o de Vigil\u00e2ncia Epidemiol\u00f3gica avisou \u00e0 Sesau sobre a suspeita cl\u00ednica do caso e foi realizada a coleta para identificar a nova variante.<br \/>\n<strong>Anadia<\/strong>: Mulher de 64 anos, sem hist\u00f3rico de viagem ou contato com algu\u00e9m vindo do Amazonas. No dia 19 de janeiro, apresentou tosse, coriza, mialgia e moleza. No dia 25 foi feita a coleta para identificar a nova variante, que deu positivo. A investiga\u00e7\u00e3o epidemiol\u00f3gica indica se tratar de caso aut\u00f3ctone, que originou na regi\u00e3o.<\/p>\n<p>A Sesau esclareceu que, mesmo tendo recebido pacientes do Amazonas com Covid-19 para tratamento no Hospital da Mulher Dra. Nise da Silveira, Hospital Metropolitano e Hospital Universit\u00e1rio Prof. Alberto Antunes, durante a investiga\u00e7\u00e3o realizada, &#8220;n\u00e3o foi constatado, em nenhum dos dois casos, nexo epidemiol\u00f3gico com o recebimento de tais pacientes no territ\u00f3rio alagoano&#8221;.<\/p>\n<p>&nbsp;<\/p>\n<p><strong>Fonte: G1\/AL<\/strong><\/p>\n<p>&nbsp;<\/p>\n","protected":false},"excerpt":{"rendered":"<p>A nova variante brasileira do coronav\u00edrus, identificada como P1, foi detectada em duas pacientes do interior de Alagoas, de 36 e de 64 anos, por meio de an\u00e1lise de amostras enviadas ao laborat\u00f3rio da Funda\u00e7\u00e3o Oswaldo Cruz (Fiocruz). A informa\u00e7\u00e3o consta em uma nota da Superintend\u00eancia de Vigil\u00e2ncia em Sa\u00fade, da Secretaria de Estado da &hellip;<\/p>\n","protected":false},"author":1,"featured_media":13042,"comment_status":"closed","ping_status":"closed","sticky":false,"template":"","format":"standard","meta":{"_jetpack_newsletter_access":"","_jetpack_dont_email_post_to_subs":false,"_jetpack_newsletter_tier_id":0,"_jetpack_memberships_contains_paywalled_content":false,"_jetpack_memberships_contains_paid_content":false,"footnotes":""},"categories":[1],"tags":[],"class_list":["post-13041","post","type-post","status-publish","format-standard","has-post-thumbnail","hentry","category-destaque"],"jetpack_sharing_enabled":true,"jetpack_featured_media_url":"","_links":{"self":[{"href":"https:\/\/www.oparanews.com.br\/index.php\/wp-json\/wp\/v2\/posts\/13041","targetHints":{"allow":["GET"]}}],"collection":[{"href":"https:\/\/www.oparanews.com.br\/index.php\/wp-json\/wp\/v2\/posts"}],"about":[{"href":"https:\/\/www.oparanews.com.br\/index.php\/wp-json\/wp\/v2\/types\/post"}],"author":[{"embeddable":true,"href":"https:\/\/www.oparanews.com.br\/index.php\/wp-json\/wp\/v2\/users\/1"}],"replies":[{"embeddable":true,"href":"https:\/\/www.oparanews.com.br\/index.php\/wp-json\/wp\/v2\/comments?post=13041"}],"version-history":[{"count":0,"href":"https:\/\/www.oparanews.com.br\/index.php\/wp-json\/wp\/v2\/posts\/13041\/revisions"}],"wp:attachment":[{"href":"https:\/\/www.oparanews.com.br\/index.php\/wp-json\/wp\/v2\/media?parent=13041"}],"wp:term":[{"taxonomy":"category","embeddable":true,"href":"https:\/\/www.oparanews.com.br\/index.php\/wp-json\/wp\/v2\/categories?post=13041"},{"taxonomy":"post_tag","embeddable":true,"href":"https:\/\/www.oparanews.com.br\/index.php\/wp-json\/wp\/v2\/tags?post=13041"}],"curies":[{"name":"wp","href":"https:\/\/api.w.org\/{rel}","templated":true}]}}