{"id":13044,"date":"2021-02-18T12:39:32","date_gmt":"2021-02-18T12:39:32","guid":{"rendered":"https:\/\/oparanews.com.br\/?p=13044"},"modified":"2021-02-18T12:39:32","modified_gmt":"2021-02-18T12:39:32","slug":"anitta-e-internada-com-intoxicacao-alimentar","status":"publish","type":"post","link":"https:\/\/www.oparanews.com.br\/index.php\/2021\/02\/18\/anitta-e-internada-com-intoxicacao-alimentar\/","title":{"rendered":"Anitta \u00e9 internada com intoxica\u00e7\u00e3o alimentar"},"content":{"rendered":"<p>Anitta foi internada em uma cl\u00ednica no Rio de Janeiro na \u00faltima quinta-feira (17) com uma grave intoxica\u00e7\u00e3o alimentar. A artista est\u00e1 em uma unidade de sa\u00fade da Zona Sul da capital carioca, onde foi hospitalizada ap\u00f3s come\u00e7ar a se sentir mal na ter\u00e7a-feira (16).<\/p>\n<p>Conforme publicado pelo jornal Extra, ela foi encaminhada por familiares para a cl\u00ednica e vai precisar passar mais tempo internada, e ainda sem previs\u00e3o de alta.<\/p>\n<p>Renan Machado, um dos irm\u00e3os de Anitta, foi ao seu Instagram Stories para falar da interna\u00e7\u00e3o e negou que a cantora esteja com Covid-19, divulgando inclusive o exame que ela fez, com resultado negativo.<\/p>\n<p>\u201cPassando s\u00f3 para dar um recado, porque est\u00e1 saindo um monte de especula\u00e7\u00e3o e saindo um monte de coisa que n\u00e3o tem sentido na internet sobre a interna\u00e7\u00e3o da minha irm\u00e3. Sim, ela est\u00e1 internada, sendo medicada e tratada\u201d, come\u00e7ou ele.<\/p>\n<p>\u201cVim esclarecer que n\u00e3o \u00e9 Covid. Assim que ela chegou aqui, ela foi testada, deu negativo. Est\u00e1 sendo tratada. Est\u00e1 tudo certo. Estou vindo aqui para pedir um pouco de respeito a ela para que se recupere bem\u201d, completou Renan.<\/p>\n<p>&nbsp;<\/p>\n<p><strong>Fonte: ISTO\u00c9 Gente<\/strong><\/p>\n<p>&nbsp;<\/p>\n","protected":false},"excerpt":{"rendered":"<p>Anitta foi internada em uma cl\u00ednica no Rio de Janeiro na \u00faltima quinta-feira (17) com uma grave intoxica\u00e7\u00e3o alimentar. A artista est\u00e1 em uma unidade de sa\u00fade da Zona Sul da capital carioca, onde foi hospitalizada ap\u00f3s come\u00e7ar a se sentir mal na ter\u00e7a-feira (16). Conforme publicado pelo jornal Extra, ela foi encaminhada por familiares &hellip;<\/p>\n","protected":false},"author":1,"featured_media":13045,"comment_status":"closed","ping_status":"closed","sticky":false,"template":"","format":"standard","meta":{"_jetpack_newsletter_access":"","_jetpack_dont_email_post_to_subs":false,"_jetpack_newsletter_tier_id":0,"_jetpack_memberships_contains_paywalled_content":false,"_jetpack_memberships_contains_paid_content":false,"footnotes":""},"categories":[1],"tags":[],"class_list":["post-13044","post","type-post","status-publish","format-standard","has-post-thumbnail","hentry","category-destaque"],"jetpack_sharing_enabled":true,"jetpack_featured_media_url":"","_links":{"self":[{"href":"https:\/\/www.oparanews.com.br\/index.php\/wp-json\/wp\/v2\/posts\/13044","targetHints":{"allow":["GET"]}}],"collection":[{"href":"https:\/\/www.oparanews.com.br\/index.php\/wp-json\/wp\/v2\/posts"}],"about":[{"href":"https:\/\/www.oparanews.com.br\/index.php\/wp-json\/wp\/v2\/types\/post"}],"author":[{"embeddable":true,"href":"https:\/\/www.oparanews.com.br\/index.php\/wp-json\/wp\/v2\/users\/1"}],"replies":[{"embeddable":true,"href":"https:\/\/www.oparanews.com.br\/index.php\/wp-json\/wp\/v2\/comments?post=13044"}],"version-history":[{"count":0,"href":"https:\/\/www.oparanews.com.br\/index.php\/wp-json\/wp\/v2\/posts\/13044\/revisions"}],"wp:attachment":[{"href":"https:\/\/www.oparanews.com.br\/index.php\/wp-json\/wp\/v2\/media?parent=13044"}],"wp:term":[{"taxonomy":"category","embeddable":true,"href":"https:\/\/www.oparanews.com.br\/index.php\/wp-json\/wp\/v2\/categories?post=13044"},{"taxonomy":"post_tag","embeddable":true,"href":"https:\/\/www.oparanews.com.br\/index.php\/wp-json\/wp\/v2\/tags?post=13044"}],"curies":[{"name":"wp","href":"https:\/\/api.w.org\/{rel}","templated":true}]}}