{"id":13047,"date":"2021-02-18T12:44:27","date_gmt":"2021-02-18T12:44:27","guid":{"rendered":"https:\/\/oparanews.com.br\/?p=13047"},"modified":"2021-02-18T12:44:27","modified_gmt":"2021-02-18T12:44:27","slug":"rodrigo-bocardi-revela-que-foi-ameacado-por-nego-di","status":"publish","type":"post","link":"https:\/\/www.oparanews.com.br\/index.php\/2021\/02\/18\/rodrigo-bocardi-revela-que-foi-ameacado-por-nego-di\/","title":{"rendered":"Rodrigo Bocardi revela que foi amea\u00e7ado por Nego Di"},"content":{"rendered":"<p>O jornalista Rodrigo Bocardi contou em uma entrevista para a r\u00e1dio CBN que j\u00e1 foi amea\u00e7ado por Nego Di. O humorista foi o terceiro eliminado do \u2018BBB 21\u2019 com 98,76% dos votos, rejei\u00e7\u00e3o recorde da hist\u00f3ria do programa. Bocardi afirmou que o ex-BBB n\u00e3o passa de um \u201cvalent\u00e3o\u201d.<\/p>\n<p>\u201cEu n\u00e3o quis falar nada ontem, at\u00e9 porque n\u00e3o tinha a expuls\u00e3o de Nego Di, at\u00e9 porque isso que vou contar agora reflete muito o que \u00e9 a vida e tem tudo a ver com o grande assunto dia, que envolve tamb\u00e9m um valent\u00e3o, aquele soberano, que est\u00e1 acima de todos e de tudo, que acha que pode dominar o mundo e desrespeitar quem quer que seja\u201d, falou.<\/p>\n<p>Bocardi contou que os ataques n\u00e3o fora direcionados apenas a ele, mas tamb\u00e9m a sua fam\u00edlia: \u201cNego Di, esse mesmo Nego Di, ele, que hoje no programa da Ana Maria Braga quase chorou, dizendo que o filho est\u00e1 sendo amea\u00e7ado, que n\u00e3o pode ir para a escola, que ele est\u00e1 sofrendo amea\u00e7as inclusive de morte. Esse mesmo Nego Di foi quem fez uma acusa\u00e7\u00e3o ser\u00edssima contra mim no m\u00eas de abril e que todos os seguidores dele, j\u00e1 que ele fez uma amea\u00e7a, do Rio Grande do Sul, na sua maioria, endossaram a cr\u00edtica que ele fez e come\u00e7aram a perturbar a minha vida e a da minha fam\u00edlia com a maior intensidade poss\u00edvel que voc\u00eas possam imaginar\u201d.<\/p>\n<p>O jornalista ainda leu uma das mensagens que foram enviadas para ele na \u00e9poca. Os guri \u2018vai\u2019 (sic) te apagar, se liga\u201d, \u201cEst\u00e3o por invadir sua casa, seu bosta\u201d e \u201cOs caras v\u00e3o brincar de Lego com seu corpo\u201d. \u201cEssa foi s\u00f3 uma entre tantas amea\u00e7as, inclusive aos meus filhos. Tem tudo o que voc\u00eas puderem imaginar\u201d, afirmou. \u201cE hoje, Nego Di, o valent\u00e3o, aquele fez a acusa\u00e7\u00e3o, que mobilizou todo o seu time contra mim e minha fam\u00edlia, estava hoje l\u00e1 no programa da Ana Maria Braga quase chorando, com \u00edndice de rejei\u00e7\u00e3o recorde no \u2018BBB&#8217;\u201d.<\/p>\n<p>Rodrigo Bocardi, por\u00e9m, garante que n\u00e3o enxerga a repress\u00e3o que Nego Di est\u00e1 sofrendo agora como uma esp\u00e9cie de vingan\u00e7a: \u201c\u00c9 triste ver a pessoa passar por aquilo que ela desejou para o outro, mas traz um pouco de reflex\u00e3o e esperan\u00e7a. Quem sabe n\u00e3o serve de reflex\u00e3o para tantas pessoas, inclusive para o valent\u00e3o\u201d.<\/p>\n<p>&nbsp;<\/p>\n<p><strong>Fonte: ISTO\u00c9 Gente<\/strong><\/p>\n<p>&nbsp;<\/p>\n","protected":false},"excerpt":{"rendered":"<p>O jornalista Rodrigo Bocardi contou em uma entrevista para a r\u00e1dio CBN que j\u00e1 foi amea\u00e7ado por Nego Di. O humorista foi o terceiro eliminado do \u2018BBB 21\u2019 com 98,76% dos votos, rejei\u00e7\u00e3o recorde da hist\u00f3ria do programa. Bocardi afirmou que o ex-BBB n\u00e3o passa de um \u201cvalent\u00e3o\u201d. \u201cEu n\u00e3o quis falar nada ontem, at\u00e9 &hellip;<\/p>\n","protected":false},"author":1,"featured_media":13048,"comment_status":"closed","ping_status":"closed","sticky":false,"template":"","format":"standard","meta":{"_jetpack_newsletter_access":"","_jetpack_dont_email_post_to_subs":false,"_jetpack_newsletter_tier_id":0,"_jetpack_memberships_contains_paywalled_content":false,"_jetpack_memberships_contains_paid_content":false,"footnotes":""},"categories":[1],"tags":[],"class_list":["post-13047","post","type-post","status-publish","format-standard","has-post-thumbnail","hentry","category-destaque"],"jetpack_sharing_enabled":true,"jetpack_featured_media_url":"","_links":{"self":[{"href":"https:\/\/www.oparanews.com.br\/index.php\/wp-json\/wp\/v2\/posts\/13047","targetHints":{"allow":["GET"]}}],"collection":[{"href":"https:\/\/www.oparanews.com.br\/index.php\/wp-json\/wp\/v2\/posts"}],"about":[{"href":"https:\/\/www.oparanews.com.br\/index.php\/wp-json\/wp\/v2\/types\/post"}],"author":[{"embeddable":true,"href":"https:\/\/www.oparanews.com.br\/index.php\/wp-json\/wp\/v2\/users\/1"}],"replies":[{"embeddable":true,"href":"https:\/\/www.oparanews.com.br\/index.php\/wp-json\/wp\/v2\/comments?post=13047"}],"version-history":[{"count":0,"href":"https:\/\/www.oparanews.com.br\/index.php\/wp-json\/wp\/v2\/posts\/13047\/revisions"}],"wp:attachment":[{"href":"https:\/\/www.oparanews.com.br\/index.php\/wp-json\/wp\/v2\/media?parent=13047"}],"wp:term":[{"taxonomy":"category","embeddable":true,"href":"https:\/\/www.oparanews.com.br\/index.php\/wp-json\/wp\/v2\/categories?post=13047"},{"taxonomy":"post_tag","embeddable":true,"href":"https:\/\/www.oparanews.com.br\/index.php\/wp-json\/wp\/v2\/tags?post=13047"}],"curies":[{"name":"wp","href":"https:\/\/api.w.org\/{rel}","templated":true}]}}