{"id":13061,"date":"2021-02-18T13:08:31","date_gmt":"2021-02-18T13:08:31","guid":{"rendered":"https:\/\/oparanews.com.br\/?p=13061"},"modified":"2021-02-18T13:08:31","modified_gmt":"2021-02-18T13:08:31","slug":"brasil-poderia-vacinar-60-mi-por-mes-diz-fundador-da-anvisa","status":"publish","type":"post","link":"https:\/\/www.oparanews.com.br\/index.php\/2021\/02\/18\/brasil-poderia-vacinar-60-mi-por-mes-diz-fundador-da-anvisa\/","title":{"rendered":"Brasil poderia vacinar 60 mi por m\u00eas, diz fundador da Anvisa"},"content":{"rendered":"<p>Pouco depois de iniciar o seu programa de vacina\u00e7\u00e3o contra a covid-19, o Brasil j\u00e1 figurava entre os 10 pa\u00edses com maior n\u00famero absoluto de imunizados, embora tenha largado atr\u00e1s de na\u00e7\u00f5es europeias e de pa\u00edses sul-americanos, como Argentina e Chile. Mas a rapidez garantida pela experi\u00eancia do Sistema \u00danico de Sa\u00fade (SUS) com vacina\u00e7\u00f5es esbarra na falta de vacinas e planejamento.<\/p>\n<p>Segundo o m\u00e9dico sanitarista Gonzalo Vecina Neto, professor da Faculdade de Sa\u00fade P\u00fablica da Universidade de S\u00e3o Paulo (USP), se o Brasil tivesse negociado e comprado mais doses antecipadamente, teria estrutura para concluir a vacina\u00e7\u00e3o de toda a popula\u00e7\u00e3o brasileira com mais de 18 anos at\u00e9 o meio do ano.<\/p>\n<p>Fundador e primeiro presidente da Ag\u00eancia Nacional de Vigil\u00e2ncia Sanit\u00e1ria (Anvisa), criada em 1999, Vecina Neto calcula que o SUS tem condi\u00e7\u00f5es de administrar 3,04 milh\u00f5es de vacinas contra a covid-19 por dia, o que daria cerca de 60 milh\u00f5es de vacinados por m\u00eas, considerando 20 dias \u00fateis.<\/p>\n<p>Como existem 159,1 milh\u00f5es de brasileiros com mais de 18 anos, segundo a Pesquisa Nacional de Sa\u00fade (PNS) 2019, seria poss\u00edvel concluir as duas doses, diz Vecina Neto, em meados de julho. Por enquanto, as vacinas contra covid-19 n\u00e3o s\u00e3o administradas em crian\u00e7as e adolescentes, por isso o c\u00e1lculo s\u00f3 considera adultos.<\/p>\n<p>&#8220;Temos hoje 38 mil unidades b\u00e1sicas de sa\u00fade com pelo menos uma sala de vacina\u00e7\u00e3o com geladeira especializada em m\u00f3dulos, que conserva a temperaturas de 2 a 8 graus. Na pior das hip\u00f3teses, se consegue vacinar 10 pessoas por hora&#8221;, explica Vecina Neto, que j\u00e1 foi secret\u00e1rio municipal de Sa\u00fade de SP, entre 2003 e 2004, e secret\u00e1rio Nacional de Vigil\u00e2nca Sanit\u00e1ria, no Minist\u00e9rio da Sa\u00fade.<\/p>\n<p>&#8220;Se vacinarmos 10 pessoas por hora, num dia de trabalho de 8 horas, d\u00e1 80 vacinas. Ent\u00e3o, eu tenho condi\u00e7\u00e3o te\u00f3rica de vacinar 3 milh\u00f5es de pessoas por dia \u00fatil. Isso para 20 dias \u00fateis, tenho condi\u00e7\u00f5es de vacinar, em um m\u00eas, sem fazer muito esfor\u00e7o, 60 milh\u00f5es de pessoas&#8221;, calcula.<\/p>\n<p><strong>Apag\u00e3o de vacinas?<\/strong><\/p>\n<p>Do in\u00edcio da vacina\u00e7\u00e3o, em 17 de janeiro, at\u00e9 agora, 5,5 milh\u00f5es de pessoas receberam a primeira dose. O Brasil \u00e9 o oitavo pa\u00eds em n\u00famero absoluto de vacinados.<\/p>\n<p>Mas s\u00f3 foram distribu\u00eddas pelo pa\u00eds 12 milh\u00f5es de doses dos imunizantes CoronaVac e Oxford-AstraZeneca, quantia suficiente para vacinar apenas 6 milh\u00f5es de pessoas- menos que 3% da popula\u00e7\u00e3o.<\/p>\n<p>Munic\u00edpios j\u00e1 come\u00e7aram a alertar para a necessidade de suspender as vacina\u00e7\u00f5es, porque as primeiras doses acabaram antes da segunda remessa chegar.<\/p>\n<p>\u00c9 o caso da cidade do Rio de Janeiro, que paralisou a vacina\u00e7\u00e3o na quarta-feira (17) para quem ainda n\u00e3o recebeu a primeira dose. A expectativa \u00e9 retomar uma semana depois (23), quando est\u00e1 prevista a chegada de uma nova remessa de doses. Tamb\u00e9m suspenderam a vacina\u00e7\u00e3o Porto Alegre, Salvador e Cuiab\u00e1.<\/p>\n<p>&#8220;A nossa experi\u00eancia com a vacina da gripe mostra que temos capacidade de imunizar rapidamente. No ano passado, em 2020, vacinamos 80 milh\u00f5es em tr\u00eas meses. Temos condi\u00e7\u00f5es de fazer. O que falta? Faltam vacinas&#8221;, lamenta Gonzalo Vecina Neto.<\/p>\n<p>O Minist\u00e9rio da Sa\u00fade diz que reservou mais 364,9 milh\u00f5es de doses de vacinas com o Butatan, a Fiocruz e o cons\u00f3rcio internacional Covax Facility, ligado \u00e0 Organiza\u00e7\u00e3o Mundial da Sa\u00fade. Mas a distribui\u00e7\u00e3o desses lotes vai ocorrer ao longo do ano.<\/p>\n<p><strong>Negocia\u00e7\u00e3o tardia<\/strong><\/p>\n<p>Segundo Vecina Neto, o grande erro do governo federal foi n\u00e3o ter negociado e reservado lotes no ano passado, quando as fabricantes ainda estavam produzindo os imunizantes e testando a efic\u00e1cia. \u00c9 o que fizeram Chile, Reino Unido, Estados Unidos, Alemanha e dezenas de outros pa\u00edses.<\/p>\n<p>&#8220;O Chile hoje tem 3 doses de vacina por habitante, s\u00f3 que ele come\u00e7ou a comprar vacina em setembro. N\u00f3s n\u00e3o fizemos isso. N\u00e3o fosse a Fiocruz e o Butantan, n\u00e3o ter\u00edamos vacina.&#8221;<\/p>\n<p>&nbsp;<\/p>\n<p><strong>Fonte: iG<\/strong><\/p>\n<p>&nbsp;<\/p>\n","protected":false},"excerpt":{"rendered":"<p>Pouco depois de iniciar o seu programa de vacina\u00e7\u00e3o contra a covid-19, o Brasil j\u00e1 figurava entre os 10 pa\u00edses com maior n\u00famero absoluto de imunizados, embora tenha largado atr\u00e1s de na\u00e7\u00f5es europeias e de pa\u00edses sul-americanos, como Argentina e Chile. Mas a rapidez garantida pela experi\u00eancia do Sistema \u00danico de Sa\u00fade (SUS) com vacina\u00e7\u00f5es &hellip;<\/p>\n","protected":false},"author":1,"featured_media":13062,"comment_status":"closed","ping_status":"closed","sticky":false,"template":"","format":"standard","meta":{"_jetpack_newsletter_access":"","_jetpack_dont_email_post_to_subs":false,"_jetpack_newsletter_tier_id":0,"_jetpack_memberships_contains_paywalled_content":false,"_jetpack_memberships_contains_paid_content":false,"footnotes":""},"categories":[1],"tags":[],"class_list":["post-13061","post","type-post","status-publish","format-standard","has-post-thumbnail","hentry","category-destaque"],"jetpack_sharing_enabled":true,"jetpack_featured_media_url":"","_links":{"self":[{"href":"https:\/\/www.oparanews.com.br\/index.php\/wp-json\/wp\/v2\/posts\/13061","targetHints":{"allow":["GET"]}}],"collection":[{"href":"https:\/\/www.oparanews.com.br\/index.php\/wp-json\/wp\/v2\/posts"}],"about":[{"href":"https:\/\/www.oparanews.com.br\/index.php\/wp-json\/wp\/v2\/types\/post"}],"author":[{"embeddable":true,"href":"https:\/\/www.oparanews.com.br\/index.php\/wp-json\/wp\/v2\/users\/1"}],"replies":[{"embeddable":true,"href":"https:\/\/www.oparanews.com.br\/index.php\/wp-json\/wp\/v2\/comments?post=13061"}],"version-history":[{"count":0,"href":"https:\/\/www.oparanews.com.br\/index.php\/wp-json\/wp\/v2\/posts\/13061\/revisions"}],"wp:attachment":[{"href":"https:\/\/www.oparanews.com.br\/index.php\/wp-json\/wp\/v2\/media?parent=13061"}],"wp:term":[{"taxonomy":"category","embeddable":true,"href":"https:\/\/www.oparanews.com.br\/index.php\/wp-json\/wp\/v2\/categories?post=13061"},{"taxonomy":"post_tag","embeddable":true,"href":"https:\/\/www.oparanews.com.br\/index.php\/wp-json\/wp\/v2\/tags?post=13061"}],"curies":[{"name":"wp","href":"https:\/\/api.w.org\/{rel}","templated":true}]}}