{"id":13064,"date":"2021-02-18T19:36:54","date_gmt":"2021-02-18T19:36:54","guid":{"rendered":"https:\/\/oparanews.com.br\/?p=13064"},"modified":"2021-02-18T19:36:54","modified_gmt":"2021-02-18T19:36:54","slug":"nova-orla-do-barro-vermelho-sedia-torneio-de-futevolei","status":"publish","type":"post","link":"https:\/\/www.oparanews.com.br\/index.php\/2021\/02\/18\/nova-orla-do-barro-vermelho-sedia-torneio-de-futevolei\/","title":{"rendered":"Nova orla do Barro Vermelho sedia torneio de futev\u00f4lei"},"content":{"rendered":"<p>A nova orla do Barro Vermelho \u2013 nome popular para o tradicional bairro Santo Ant\u00f4nio \u2013, ser\u00e1 ponto de encontro para praticantes do futev\u00f4lei. O espa\u00e7o p\u00fablico urbanizado pela Prefeitura de Penedo recebe neste final de semana o 1\u00ba torneio Velho Chico.<\/p>\n<p>O evento apoiado pela administra\u00e7\u00e3o Ronaldo Lopes\/Jo\u00e3o Lucas, por meio de diversos setores da Prefeitura de Penedo (Coordena\u00e7\u00e3o de Esportes, Secretaria de Servi\u00e7os P\u00fablicos, Departamento de Comunica\u00e7\u00e3o, SMTT) \u00e9 realizado por Thiago Tavares.<\/p>\n<p>\u201cN\u00f3s j\u00e1 temos 20 duplas inscritas para a categoria iniciantes, com os jogos a partir das 8h do s\u00e1bado (20), e 16 duplas para a categoria amador que acontece no domingo (21), tamb\u00e9m come\u00e7ando \u00e0s 8 horas\u201d, explica o promotor do torneio que vai distribuir trof\u00e9us e premia\u00e7\u00e3o, em dinheiro, para os tr\u00eas primeiros colocados de cada categoria.<\/p>\n<p>Thiago Tavares informa que os melhores jogadores de futev\u00f4lei participar\u00e3o do \u2018Desafio dos Feras\u2019, no domingo, agradecendo o apoio do Prefeito Ronaldo Lopes e do Coordenador Municipal de Esportes, Evan\u00edlson Nunes.<\/p>\n<p><strong>Quadras e Campo do Sinimb\u00fa<\/strong><\/p>\n<p>A Prefeitura de Penedo est\u00e1 recuperando o campo do Sinimb\u00fa para que os times de futebol voltem a dispor do espa\u00e7o que est\u00e1 ganhando novo gramado e ilumina\u00e7\u00e3o.<\/p>\n<p>O trabalho que envolve diferentes setores da administra\u00e7\u00e3o p\u00fablica deve ser conclu\u00eddo em abril, conforme expectativa da Coordenadoria Municipal de Esportes, setor da Secretaria de Cultura, Lazer, Esportes e Juventude.<\/p>\n<p>\u201cA gente est\u00e1 trabalhando em parceria com a Secretaria de Servi\u00e7os P\u00fablicos para viabilizar um novo gramado, por isso o campo do Sinimb\u00fa continua interditado devido a essa necessidade de recupera\u00e7\u00e3o completa\u201d, explica Evan\u00edlson Nunes.<\/p>\n<p>Em breve, a Prefeitura de Penedo ter\u00e1 uma Secretaria de Esportes, sem preju\u00edzos aos trabalhos desenvolvidos atualmente, inclusive no sentido de revitalizar as quadras poliesporivas de responsabilidade do munic\u00edpio.<\/p>\n<p>&nbsp;<\/p>\n<p><strong>Fonte: Decom &#8211; PMP<\/strong><\/p>\n<p>&nbsp;<\/p>\n","protected":false},"excerpt":{"rendered":"<p>A nova orla do Barro Vermelho \u2013 nome popular para o tradicional bairro Santo Ant\u00f4nio \u2013, ser\u00e1 ponto de encontro para praticantes do futev\u00f4lei. O espa\u00e7o p\u00fablico urbanizado pela Prefeitura de Penedo recebe neste final de semana o 1\u00ba torneio Velho Chico. O evento apoiado pela administra\u00e7\u00e3o Ronaldo Lopes\/Jo\u00e3o Lucas, por meio de diversos setores &hellip;<\/p>\n","protected":false},"author":1,"featured_media":13065,"comment_status":"closed","ping_status":"closed","sticky":false,"template":"","format":"standard","meta":{"_jetpack_newsletter_access":"","_jetpack_dont_email_post_to_subs":false,"_jetpack_newsletter_tier_id":0,"_jetpack_memberships_contains_paywalled_content":false,"_jetpack_memberships_contains_paid_content":false,"footnotes":""},"categories":[1],"tags":[],"class_list":["post-13064","post","type-post","status-publish","format-standard","has-post-thumbnail","hentry","category-destaque"],"jetpack_sharing_enabled":true,"jetpack_featured_media_url":"","_links":{"self":[{"href":"https:\/\/www.oparanews.com.br\/index.php\/wp-json\/wp\/v2\/posts\/13064","targetHints":{"allow":["GET"]}}],"collection":[{"href":"https:\/\/www.oparanews.com.br\/index.php\/wp-json\/wp\/v2\/posts"}],"about":[{"href":"https:\/\/www.oparanews.com.br\/index.php\/wp-json\/wp\/v2\/types\/post"}],"author":[{"embeddable":true,"href":"https:\/\/www.oparanews.com.br\/index.php\/wp-json\/wp\/v2\/users\/1"}],"replies":[{"embeddable":true,"href":"https:\/\/www.oparanews.com.br\/index.php\/wp-json\/wp\/v2\/comments?post=13064"}],"version-history":[{"count":0,"href":"https:\/\/www.oparanews.com.br\/index.php\/wp-json\/wp\/v2\/posts\/13064\/revisions"}],"wp:attachment":[{"href":"https:\/\/www.oparanews.com.br\/index.php\/wp-json\/wp\/v2\/media?parent=13064"}],"wp:term":[{"taxonomy":"category","embeddable":true,"href":"https:\/\/www.oparanews.com.br\/index.php\/wp-json\/wp\/v2\/categories?post=13064"},{"taxonomy":"post_tag","embeddable":true,"href":"https:\/\/www.oparanews.com.br\/index.php\/wp-json\/wp\/v2\/tags?post=13064"}],"curies":[{"name":"wp","href":"https:\/\/api.w.org\/{rel}","templated":true}]}}