{"id":13072,"date":"2021-02-18T19:54:23","date_gmt":"2021-02-18T19:54:23","guid":{"rendered":"https:\/\/oparanews.com.br\/?p=13072"},"modified":"2021-02-18T19:54:23","modified_gmt":"2021-02-18T19:54:23","slug":"belo-e-solto-apos-prisao-por-show-ilegal-na-pandemia","status":"publish","type":"post","link":"https:\/\/www.oparanews.com.br\/index.php\/2021\/02\/18\/belo-e-solto-apos-prisao-por-show-ilegal-na-pandemia\/","title":{"rendered":"Belo \u00e9 solto ap\u00f3s pris\u00e3o por show ilegal na pandemia"},"content":{"rendered":"<p>O cantor Belo foi solto na manh\u00e3 desta quinta-feira (18). O desembargador Milton Fernandes de Souza aceitou o pedido de habeas corpus da defesa do cantor Belo e mandou expedir um alvar\u00e1 de soltura ainda no in\u00edcio desta madrugada.<\/p>\n<p>A defesa alegou que o artista estaria \u201csofrendo constrangimento ilegal, em raz\u00e3o da decreta\u00e7\u00e3o de sua pris\u00e3o preventiva\u201d. Marcelo Pires Vieira, mais conhecido como Belo, foi preso pela Delegacia de Combate \u00e0s Drogas (DCOD), da Pol\u00edcia Civil do Rio de Janeiro, e foi encaminhado para a Polinter, na Zona Norte, nesta quarta-feira (17).<\/p>\n<p>Al\u00e9m do pagodeiro, dois produtores e um traficante s\u00e3o investigados pela realiza\u00e7\u00e3o de um show n\u00e3o-autorizado no \u00faltimo s\u00e1bado (13), na Escola Municipal do Parque Uni\u00e3o, no Complexo da Mar\u00e9, na Zona Norte.<\/p>\n<p>Segundo as informa\u00e7\u00f5es da pol\u00edcia, eles violaram um decreto municipal que proibiu aglomera\u00e7\u00f5es durante o Carnaval e contribu\u00edram com a dissemina\u00e7\u00e3o do coronav\u00edrus, colocando em risco a vida de centenas de pessoas. A opera\u00e7\u00e3o foi batizada de \u201c\u00c9 o que eu mere\u00e7o\u201d, em refer\u00eancia a uma das m\u00fasicas do cantor.<\/p>\n<p>Confira um trecho da decis\u00e3o do desembargador sobre a soltura de Belo:<\/p>\n<p><em>\u201cDe acordo com o comando constitucional, \u2018conceder-se-\u00e1 habeas corpus sempre que algu\u00e9m sofrer ou se achar amea\u00e7ado de sofrer viol\u00eancia ou coa\u00e7\u00e3o em sua liberdade de locomo\u00e7\u00e3o, por ilegalidade ou abuso de poder\u2019 (art.5\u00ba, LXVIII, CF\/88). No caso em tela, verifica-se que o evento ocorreu dia 12.02.2021, ou seja, 4 dias antes da representa\u00e7\u00e3o da autoridade policial pela pris\u00e3o tempor\u00e1ria. Com efeito, os elementos trazidos aos autos indicam, conforme parecer do Minist\u00e9rio P\u00fablico de 1\u00ba Grau, que n\u00e3o havia a urg\u00eancia qualificada necess\u00e1ria para a decreta\u00e7\u00e3o de pris\u00e3o preventiva em sede de plant\u00e3o judici\u00e1rio. De qualquer forma, o ju\u00edzo natural ir\u00e1 apreciar a quest\u00e3o com maiores elementos de convic\u00e7\u00e3o. Por tais fundamentos, defiro a liminar. Expe\u00e7a-se alvar\u00e1 de soltura, se por outro motivo n\u00e3o estiver preso. Rio de Janeiro, \u00e0s 01:20 horas do dia 18 de fevereiro de 2021\u201d.<\/em><\/p>\n<p>&nbsp;<\/p>\n<p><strong>Fonte: Famosidades<\/strong><\/p>\n<p>&nbsp;<\/p>\n","protected":false},"excerpt":{"rendered":"<p>O cantor Belo foi solto na manh\u00e3 desta quinta-feira (18). O desembargador Milton Fernandes de Souza aceitou o pedido de habeas corpus da defesa do cantor Belo e mandou expedir um alvar\u00e1 de soltura ainda no in\u00edcio desta madrugada. A defesa alegou que o artista estaria \u201csofrendo constrangimento ilegal, em raz\u00e3o da decreta\u00e7\u00e3o de sua &hellip;<\/p>\n","protected":false},"author":1,"featured_media":13073,"comment_status":"closed","ping_status":"closed","sticky":false,"template":"","format":"standard","meta":{"_jetpack_newsletter_access":"","_jetpack_dont_email_post_to_subs":false,"_jetpack_newsletter_tier_id":0,"_jetpack_memberships_contains_paywalled_content":false,"_jetpack_memberships_contains_paid_content":false,"footnotes":""},"categories":[1],"tags":[],"class_list":["post-13072","post","type-post","status-publish","format-standard","has-post-thumbnail","hentry","category-destaque"],"jetpack_sharing_enabled":true,"jetpack_featured_media_url":"","_links":{"self":[{"href":"https:\/\/www.oparanews.com.br\/index.php\/wp-json\/wp\/v2\/posts\/13072","targetHints":{"allow":["GET"]}}],"collection":[{"href":"https:\/\/www.oparanews.com.br\/index.php\/wp-json\/wp\/v2\/posts"}],"about":[{"href":"https:\/\/www.oparanews.com.br\/index.php\/wp-json\/wp\/v2\/types\/post"}],"author":[{"embeddable":true,"href":"https:\/\/www.oparanews.com.br\/index.php\/wp-json\/wp\/v2\/users\/1"}],"replies":[{"embeddable":true,"href":"https:\/\/www.oparanews.com.br\/index.php\/wp-json\/wp\/v2\/comments?post=13072"}],"version-history":[{"count":0,"href":"https:\/\/www.oparanews.com.br\/index.php\/wp-json\/wp\/v2\/posts\/13072\/revisions"}],"wp:attachment":[{"href":"https:\/\/www.oparanews.com.br\/index.php\/wp-json\/wp\/v2\/media?parent=13072"}],"wp:term":[{"taxonomy":"category","embeddable":true,"href":"https:\/\/www.oparanews.com.br\/index.php\/wp-json\/wp\/v2\/categories?post=13072"},{"taxonomy":"post_tag","embeddable":true,"href":"https:\/\/www.oparanews.com.br\/index.php\/wp-json\/wp\/v2\/tags?post=13072"}],"curies":[{"name":"wp","href":"https:\/\/api.w.org\/{rel}","templated":true}]}}