{"id":13075,"date":"2021-02-18T19:55:08","date_gmt":"2021-02-18T19:55:08","guid":{"rendered":"https:\/\/oparanews.com.br\/?p=13075"},"modified":"2021-02-18T19:55:08","modified_gmt":"2021-02-18T19:55:08","slug":"petrobras-anuncia-novo-reajuste-no-preco-dos-combustiveis","status":"publish","type":"post","link":"https:\/\/www.oparanews.com.br\/index.php\/2021\/02\/18\/petrobras-anuncia-novo-reajuste-no-preco-dos-combustiveis\/","title":{"rendered":"Petrobr\u00e1s anuncia novo reajuste no pre\u00e7o dos combust\u00edveis"},"content":{"rendered":"<p>A Petrobr\u00e1s anunciou nesta quinta-feira, 18, mais um reajuste dos pre\u00e7os da gasolina e do \u00f3leo diesel em suas refinarias, que ficar\u00e3o R$ 0,23 e R$ 0,34 mais caros a partir de sexta-feira, 19. Com mais esse reajuste, o litro da gasolina passar\u00e1 a custar R$ 2,48 e o do diesel, R$ 2,58.<\/p>\n<p>Em comunicado, a empresa enfatizou que mant\u00e9m os seus pre\u00e7os alinhados aos do mercado internacional, o que, segundo a estatal, &#8220;\u00e9 fundamental para garantir que o mercado brasileiro siga sendo suprido sem riscos de desabastecimento pelos diferentes atores respons\u00e1veis pelo atendimento \u00e0s diversas regi\u00f5es brasileiras&#8221;. A companhia diz ainda que, em 2020, reduziu os pre\u00e7os em suas refinarias ao acompanhar as oscila\u00e7\u00f5es externas.<\/p>\n<p>No \u00faltimo m\u00eas, a Petrobr\u00e1s foi criticada pelos caminhoneiros por supostamente reajustar demais o pre\u00e7o do diesel. Ao mesmo tempo, um grupo de importadores reclama que a empresa est\u00e1 vendendo gasolina e diesel a pre\u00e7os muito baixos se comparados aos do mercado internacional, o que estaria comprometendo a concorr\u00eancia.<\/p>\n<p>A estatal, no comunicado desta quinta, mais uma vez enfatiza seus argumentos de que mant\u00e9m a pol\u00edtica de paridade internacional, o que permitiria a competi\u00e7\u00e3o no com\u00e9rcio interno. Al\u00e9m disso, reafirma que o pre\u00e7o nas suas refinarias n\u00e3o \u00e9 o \u00fanico componente na forma\u00e7\u00e3o do valor pago pelos consumidores na bomba.<\/p>\n<p>&#8220;At\u00e9 chegar ao consumidor s\u00e3o acrescidos tributos federais e estaduais, custos para aquisi\u00e7\u00e3o e mistura obrigat\u00f3ria de biocombust\u00edveis, al\u00e9m das margens brutas das companhias distribuidoras e dos postos revendedores de combust\u00edveis&#8221;, afirma.<\/p>\n<p>&nbsp;<\/p>\n<p><strong>Fonte: Terra<\/strong><\/p>\n<p>&nbsp;<\/p>\n","protected":false},"excerpt":{"rendered":"<p>A Petrobr\u00e1s anunciou nesta quinta-feira, 18, mais um reajuste dos pre\u00e7os da gasolina e do \u00f3leo diesel em suas refinarias, que ficar\u00e3o R$ 0,23 e R$ 0,34 mais caros a partir de sexta-feira, 19. Com mais esse reajuste, o litro da gasolina passar\u00e1 a custar R$ 2,48 e o do diesel, R$ 2,58. Em comunicado, &hellip;<\/p>\n","protected":false},"author":1,"featured_media":13076,"comment_status":"closed","ping_status":"closed","sticky":false,"template":"","format":"standard","meta":{"_jetpack_newsletter_access":"","_jetpack_dont_email_post_to_subs":false,"_jetpack_newsletter_tier_id":0,"_jetpack_memberships_contains_paywalled_content":false,"_jetpack_memberships_contains_paid_content":false,"footnotes":""},"categories":[1],"tags":[],"class_list":["post-13075","post","type-post","status-publish","format-standard","has-post-thumbnail","hentry","category-destaque"],"jetpack_sharing_enabled":true,"jetpack_featured_media_url":"","_links":{"self":[{"href":"https:\/\/www.oparanews.com.br\/index.php\/wp-json\/wp\/v2\/posts\/13075","targetHints":{"allow":["GET"]}}],"collection":[{"href":"https:\/\/www.oparanews.com.br\/index.php\/wp-json\/wp\/v2\/posts"}],"about":[{"href":"https:\/\/www.oparanews.com.br\/index.php\/wp-json\/wp\/v2\/types\/post"}],"author":[{"embeddable":true,"href":"https:\/\/www.oparanews.com.br\/index.php\/wp-json\/wp\/v2\/users\/1"}],"replies":[{"embeddable":true,"href":"https:\/\/www.oparanews.com.br\/index.php\/wp-json\/wp\/v2\/comments?post=13075"}],"version-history":[{"count":0,"href":"https:\/\/www.oparanews.com.br\/index.php\/wp-json\/wp\/v2\/posts\/13075\/revisions"}],"wp:attachment":[{"href":"https:\/\/www.oparanews.com.br\/index.php\/wp-json\/wp\/v2\/media?parent=13075"}],"wp:term":[{"taxonomy":"category","embeddable":true,"href":"https:\/\/www.oparanews.com.br\/index.php\/wp-json\/wp\/v2\/categories?post=13075"},{"taxonomy":"post_tag","embeddable":true,"href":"https:\/\/www.oparanews.com.br\/index.php\/wp-json\/wp\/v2\/tags?post=13075"}],"curies":[{"name":"wp","href":"https:\/\/api.w.org\/{rel}","templated":true}]}}