{"id":13078,"date":"2021-02-19T00:28:48","date_gmt":"2021-02-19T00:28:48","guid":{"rendered":"https:\/\/oparanews.com.br\/?p=13078"},"modified":"2021-02-19T00:28:48","modified_gmt":"2021-02-19T00:28:48","slug":"apos-caso-da-nova-variante-anadia-fecha-escolas-bares-restaurantes-e-igrejas","status":"publish","type":"post","link":"https:\/\/www.oparanews.com.br\/index.php\/2021\/02\/19\/apos-caso-da-nova-variante-anadia-fecha-escolas-bares-restaurantes-e-igrejas\/","title":{"rendered":"Ap\u00f3s caso da nova variante, Anadia fecha escolas, bares, restaurantes e igrejas"},"content":{"rendered":"<p>Ap\u00f3s a confirma\u00e7\u00e3o de dois casos da nova variante do coronav\u00edrus em Alagoas, um deles em Anadia e o outro em Vi\u00e7osa, a Prefeitura de Anadia determinou, por meio de decreto, a suspens\u00e3o do funcionamento de bares, restaurantes, lanchonetes, templos, igrejas e demais institui\u00e7\u00f5es religiosas, aulas presenciais das redes p\u00fablica e privada de ensino, eventos culturais p\u00fablicos e privados, como festas de anivers\u00e1rios e casamento, fechamento de academias e clubes, al\u00e9m do transporte intermunicipal de estudantes. As medidas s\u00e3o v\u00e1lidas pelos pr\u00f3ximos 15 dias.<\/p>\n<p>A paciente de 64 anos, residente em Anadia, cumpriu o per\u00edodo de isolamento social e j\u00e1 est\u00e1 recuperada.<\/p>\n<p>A secret\u00e1ria de sa\u00fade de Anadia, S\u00f4nia Mascarenhas explicou que a paciente relatou que n\u00e3o teve hist\u00f3rico de viagem nem contato com algu\u00e9m vindo do Amazonas ou outro estado. \u201cOs sintomas tiveram in\u00edcio em 19 de janeiro, apresentando tosse, coriza, mialgia e moleza. No dia 25, foi realizada a coleta para pesquisa de SARS-CoV-2 por RT-PCR, que confirmou a infec\u00e7\u00e3o. Seguimos realizando o monitoramento de todos os pacientes que testam positivo e daqueles que realizaram viagens ou tiveram contato com pessoas que estavam fora do estado\u201d, disse.<\/p>\n<p>&nbsp;<\/p>\n<p>&nbsp;<\/p>\n<p><strong>Fonte: TNH1 com Assessoria<\/strong><\/p>\n<p>&nbsp;<\/p>\n","protected":false},"excerpt":{"rendered":"<p>Ap\u00f3s a confirma\u00e7\u00e3o de dois casos da nova variante do coronav\u00edrus em Alagoas, um deles em Anadia e o outro em Vi\u00e7osa, a Prefeitura de Anadia determinou, por meio de decreto, a suspens\u00e3o do funcionamento de bares, restaurantes, lanchonetes, templos, igrejas e demais institui\u00e7\u00f5es religiosas, aulas presenciais das redes p\u00fablica e privada de ensino, eventos &hellip;<\/p>\n","protected":false},"author":1,"featured_media":13080,"comment_status":"closed","ping_status":"closed","sticky":false,"template":"","format":"standard","meta":{"_jetpack_newsletter_access":"","_jetpack_dont_email_post_to_subs":false,"_jetpack_newsletter_tier_id":0,"_jetpack_memberships_contains_paywalled_content":false,"_jetpack_memberships_contains_paid_content":false,"footnotes":""},"categories":[1],"tags":[],"class_list":["post-13078","post","type-post","status-publish","format-standard","has-post-thumbnail","hentry","category-destaque"],"jetpack_sharing_enabled":true,"jetpack_featured_media_url":"","_links":{"self":[{"href":"https:\/\/www.oparanews.com.br\/index.php\/wp-json\/wp\/v2\/posts\/13078","targetHints":{"allow":["GET"]}}],"collection":[{"href":"https:\/\/www.oparanews.com.br\/index.php\/wp-json\/wp\/v2\/posts"}],"about":[{"href":"https:\/\/www.oparanews.com.br\/index.php\/wp-json\/wp\/v2\/types\/post"}],"author":[{"embeddable":true,"href":"https:\/\/www.oparanews.com.br\/index.php\/wp-json\/wp\/v2\/users\/1"}],"replies":[{"embeddable":true,"href":"https:\/\/www.oparanews.com.br\/index.php\/wp-json\/wp\/v2\/comments?post=13078"}],"version-history":[{"count":0,"href":"https:\/\/www.oparanews.com.br\/index.php\/wp-json\/wp\/v2\/posts\/13078\/revisions"}],"wp:attachment":[{"href":"https:\/\/www.oparanews.com.br\/index.php\/wp-json\/wp\/v2\/media?parent=13078"}],"wp:term":[{"taxonomy":"category","embeddable":true,"href":"https:\/\/www.oparanews.com.br\/index.php\/wp-json\/wp\/v2\/categories?post=13078"},{"taxonomy":"post_tag","embeddable":true,"href":"https:\/\/www.oparanews.com.br\/index.php\/wp-json\/wp\/v2\/tags?post=13078"}],"curies":[{"name":"wp","href":"https:\/\/api.w.org\/{rel}","templated":true}]}}