{"id":13088,"date":"2021-02-19T17:48:28","date_gmt":"2021-02-19T17:48:28","guid":{"rendered":"https:\/\/oparanews.com.br\/?p=13088"},"modified":"2021-02-19T17:48:28","modified_gmt":"2021-02-19T17:48:28","slug":"semed-penedo-lanca-campanha-fora-da-escola-nao-pode","status":"publish","type":"post","link":"https:\/\/www.oparanews.com.br\/index.php\/2021\/02\/19\/semed-penedo-lanca-campanha-fora-da-escola-nao-pode\/","title":{"rendered":"SEMED\/Penedo lan\u00e7a campanha Fora da Escola N\u00e3o Pode!"},"content":{"rendered":"<p>Toda crian\u00e7a e adolescente tem direito \u00e0 educa\u00e7\u00e3o, princ\u00edpio universal que a Prefeitura de Penedo atende, com excel\u00eancia, para formar gera\u00e7\u00f5es cada vez mais qualificadas.<\/p>\n<p>O trabalho desenvolvido por meio da Secretaria Municipal de Educa\u00e7\u00e3o (Semed) elevou o \u00cdndice de Desenvolvimento da Educa\u00e7\u00e3o B\u00e1sica (IDEB) entre os dez melhores de Alagoas, prova da qualidade da pol\u00edtica p\u00fablica efetivada ao longo dos \u00faltimos anos.<\/p>\n<p>Para o ano letivo 2021, as matr\u00edculas nas escolas da Semed continuam abertas, inclus\u00e3o refor\u00e7ada por meio de busca ativa.<\/p>\n<p>O trabalho consiste na identifica\u00e7\u00e3o de crian\u00e7as e adolescentes que ainda n\u00e3o foram matriculadas ou n\u00e3o tiveram sua renova\u00e7\u00e3o efetivada pelos pais ou respons\u00e1veis.<\/p>\n<p>A a\u00e7\u00e3o da Semed ser\u00e1 feita por meio de visita domiciliar, com base no levantamento de cada unidade de ensino, come\u00e7ando na pr\u00f3xima semana nas comunidades atendidas pelas Escolas Douglas Apratto Ten\u00f3rio (Barro Vermelho) e Vereador Manoel Soares de Melo (Vila Matias).<\/p>\n<p><strong>Documentos<\/strong><\/p>\n<p>Para efetivar a matr\u00edcula, os pais ou respons\u00e1vel legal pelo estudante deve apresentar a declara\u00e7\u00e3o de transfer\u00eancia ou hist\u00f3rico escolar, caso venha de outra escola, e foto 3\u00d74.<\/p>\n<p>Tamb\u00e9m \u00e9 preciso levar c\u00f3pia do CPF (do estudante e do respons\u00e1vel), certid\u00e3o de nascimento, Cart\u00e3o SUS, NIS (Bolsa Fam\u00edlia), cart\u00e3o de vacinas, comprovante de resid\u00eancia atualizado e c\u00f3pia do RG (carteira de identidade) do respons\u00e1vel pelo estudante.<\/p>\n<p>A Semed Penedo informa ainda que o material did\u00e1tico do(a) aluno(a) ser\u00e1 entregue no ato da matr\u00edcula e que o ano letivo 2021 come\u00e7ar\u00e1 em mar\u00e7o, a princ\u00edpio somente de forma virtual devido \u00e0 pandemia da Covid-19.<\/p>\n<p>Quem quiser renovar ou matricular na escola, precisa utilizar m\u00e1scara para ter entrar na unidade de ensino.<\/p>\n<p>&nbsp;<\/p>\n<p><strong>Fonte: Decom &#8211; PMP<\/strong><\/p>\n<p>&nbsp;<\/p>\n","protected":false},"excerpt":{"rendered":"<p>Toda crian\u00e7a e adolescente tem direito \u00e0 educa\u00e7\u00e3o, princ\u00edpio universal que a Prefeitura de Penedo atende, com excel\u00eancia, para formar gera\u00e7\u00f5es cada vez mais qualificadas. O trabalho desenvolvido por meio da Secretaria Municipal de Educa\u00e7\u00e3o (Semed) elevou o \u00cdndice de Desenvolvimento da Educa\u00e7\u00e3o B\u00e1sica (IDEB) entre os dez melhores de Alagoas, prova da qualidade da &hellip;<\/p>\n","protected":false},"author":1,"featured_media":13089,"comment_status":"closed","ping_status":"closed","sticky":false,"template":"","format":"standard","meta":{"_jetpack_newsletter_access":"","_jetpack_dont_email_post_to_subs":false,"_jetpack_newsletter_tier_id":0,"_jetpack_memberships_contains_paywalled_content":false,"_jetpack_memberships_contains_paid_content":false,"footnotes":""},"categories":[1],"tags":[],"class_list":["post-13088","post","type-post","status-publish","format-standard","has-post-thumbnail","hentry","category-destaque"],"jetpack_sharing_enabled":true,"jetpack_featured_media_url":"","_links":{"self":[{"href":"https:\/\/www.oparanews.com.br\/index.php\/wp-json\/wp\/v2\/posts\/13088","targetHints":{"allow":["GET"]}}],"collection":[{"href":"https:\/\/www.oparanews.com.br\/index.php\/wp-json\/wp\/v2\/posts"}],"about":[{"href":"https:\/\/www.oparanews.com.br\/index.php\/wp-json\/wp\/v2\/types\/post"}],"author":[{"embeddable":true,"href":"https:\/\/www.oparanews.com.br\/index.php\/wp-json\/wp\/v2\/users\/1"}],"replies":[{"embeddable":true,"href":"https:\/\/www.oparanews.com.br\/index.php\/wp-json\/wp\/v2\/comments?post=13088"}],"version-history":[{"count":0,"href":"https:\/\/www.oparanews.com.br\/index.php\/wp-json\/wp\/v2\/posts\/13088\/revisions"}],"wp:attachment":[{"href":"https:\/\/www.oparanews.com.br\/index.php\/wp-json\/wp\/v2\/media?parent=13088"}],"wp:term":[{"taxonomy":"category","embeddable":true,"href":"https:\/\/www.oparanews.com.br\/index.php\/wp-json\/wp\/v2\/categories?post=13088"},{"taxonomy":"post_tag","embeddable":true,"href":"https:\/\/www.oparanews.com.br\/index.php\/wp-json\/wp\/v2\/tags?post=13088"}],"curies":[{"name":"wp","href":"https:\/\/api.w.org\/{rel}","templated":true}]}}