{"id":13091,"date":"2021-02-19T17:52:26","date_gmt":"2021-02-19T17:52:26","guid":{"rendered":"https:\/\/oparanews.com.br\/?p=13091"},"modified":"2021-02-19T17:52:26","modified_gmt":"2021-02-19T17:52:26","slug":"prefeitura-de-penedo-instala-lampadas-de-led-para-eficiencia-energetica","status":"publish","type":"post","link":"https:\/\/www.oparanews.com.br\/index.php\/2021\/02\/19\/prefeitura-de-penedo-instala-lampadas-de-led-para-eficiencia-energetica\/","title":{"rendered":"Prefeitura de Penedo instala l\u00e2mpadas de LED para efici\u00eancia energ\u00e9tica"},"content":{"rendered":"<p>A Prefeitura de Penedo, por meio da Secretaria Municipal de Servi\u00e7os P\u00fablicos (SEMSP), est\u00e1 instalando na cidade novas l\u00e2mpadas de LED, mais econ\u00f4micas e tamb\u00e9m mais bonitas, deixando a cidade com um novo visual.<\/p>\n<p>O trabalho \u00e9 fruto da parceria com a Equatorial Energia Alagoas, empresa que fornece energia el\u00e9trica para todo o estado. O foco da a\u00e7\u00e3o \u00e9 a efici\u00eancia energ\u00e9tica, que proporciona mais economia e uma ilumina\u00e7\u00e3o de melhor qualidade.<\/p>\n<p>A melhoria da qualidade da ilumina\u00e7\u00e3o p\u00fablica proporcionada pelas l\u00e2mpadas de LED \u00e9 obtida gra\u00e7as a tecnol\u00f3gica do equipamento que substituiu as l\u00e2mpadas de vapor de s\u00f3dio, estas respons\u00e1veis por gastar mais energia el\u00e9trica, iluminando menos e com maior custo de manuten\u00e7\u00e3o.<\/p>\n<p>A substitui\u00e7\u00e3o come\u00e7ou pela Avenida Get\u00falio Vargas, prosseguindo para o Largo de F\u00e1tima e segue cronograma definido pela SEMSP Penedo, contemplando ruas de diversos bairros. Ao todo, est\u00e3o sendo instaladas 1200 l\u00e2mpadas de LED.<\/p>\n<p>Para o Prefeito Ronaldo Lopes a manuten\u00e7\u00e3o de uma ilumina\u00e7\u00e3o p\u00fablica de qualidade em Penedo tem uma import\u00e2ncia fundamental, com a instala\u00e7\u00e3o das novas l\u00e2mpadas e lumin\u00e1rias de LED sendo mais uma a\u00e7\u00e3o da Prefeitura de Penedo nesse sentido.<\/p>\n<p>\u201cNossa meta \u00e9 colocar em 100% das ruas e povoados de Penedo. As pra\u00e7as de nosso munic\u00edpio tamb\u00e9m ser\u00e3o contempladas, por isso temos nos reunidos com pessoal da Equatorial para reivindicar melhorias para as redes de alta e baixa tens\u00e3o, o que tamb\u00e9m ser\u00e1 feito. As 1.200 l\u00e2mpadas de LED foram doadas pela empresa, por\u00e9m com a economia em energia el\u00e9trica gerada pelas novas l\u00e2mpadas, compraremos novas lumin\u00e1rias para avan\u00e7armos com a substitui\u00e7\u00e3o \u201d, informa Ronaldo Lopes.<\/p>\n<p><strong>Servi\u00e7os P\u00fablicos<\/strong><\/p>\n<p>De acordo com a SEMSP Penedo, que tem a frente o engenheiro civil Ivo Costa, al\u00e9m das l\u00e2mpadas propriamente ditas, s\u00e3o substitu\u00eddos diversos componentes de ilumina\u00e7\u00e3o p\u00fablica.<\/p>\n<p>A Avenida Get\u00falio Vargas, orla ribeirinha e diversas vias do Centro Hist\u00f3rico, assim como ruas de outros bairros, est\u00e3o sendo contemplados nessa mesma etapa da a\u00e7\u00e3o, incluindo os bairros Santa Luzia, Senhor do Bonfim, Dom Constantino, Santo Ant\u00f4nio e Raimundo Marinho.<\/p>\n<p>Outra a\u00e7\u00e3o da Secretaria de Servi\u00e7os P\u00fablicos de Penedo relacionada a ilumina\u00e7\u00e3o \u00e9 a manuten\u00e7\u00e3o de todos os pontos defeituosos, nas zonas urbanas e rural, na qual est\u00e3o sendo substitu\u00eddos componentes em cerca de 600 postes.<\/p>\n<p>Com isso, a ilumina\u00e7\u00e3o p\u00fablica em Penedo, na gest\u00e3o Ronaldo Lopes\/ Jo\u00e3o Lucas recebe uma aten\u00e7\u00e3o especial, tornando Penedo uma cidade ainda mais bonita e iluminada.<\/p>\n<p><strong>Efici\u00eancia Energ\u00e9tica<\/strong><\/p>\n<p>Os novos conjuntos de ilumina\u00e7\u00e3o p\u00fablica instalados nas ruas e avenidas de Penedo proporcionam uma economia de at\u00e9 70% do gasto com energia el\u00e9trica, iluminando com mais efici\u00eancia os logradouros p\u00fablicos onde foram instaladas.<\/p>\n<p>As l\u00e2mpadas de LED acendem imediatamente, s\u00e3o mais confort\u00e1veis para a vis\u00e3o humana, real\u00e7am as cores, n\u00e3o emitem calor e raios IV e UV, al\u00e9m de serem menos agressivas ao meio ambiente, quando descartadas.<\/p>\n<p>Estat\u00edsticas da Abrasi \u2013 Associa\u00e7\u00e3o Brasileira de Servi\u00e7os de Ilumina\u00e7\u00e3o Urbana, apontam que a ilumina\u00e7\u00e3o p\u00fablica da maioria das cidades brasileiras ainda utiliza l\u00e2mpadas de vapor de s\u00f3dio.<\/p>\n<p>Dessa forma, Penedo entra na vanguarda tamb\u00e9m no quesito ilumina\u00e7\u00e3o p\u00fablica, com diversas localidades contempladas com as l\u00e2mpadas de LED. Destacando-se tamb\u00e9m que esse mesmo equipamento j\u00e1 foi instalado anteriormente na Avenida Ant\u00f4nio C\u00e2ndido Toledo e no Largo de S\u00e3o Gon\u00e7alo, recentemente restaurado e requalificado.<\/p>\n<p>&nbsp;<\/p>\n<p><strong>por Thiago Sobral &#8211; Decom (PMP)<\/strong><\/p>\n<p>&nbsp;<\/p>\n","protected":false},"excerpt":{"rendered":"<p>A Prefeitura de Penedo, por meio da Secretaria Municipal de Servi\u00e7os P\u00fablicos (SEMSP), est\u00e1 instalando na cidade novas l\u00e2mpadas de LED, mais econ\u00f4micas e tamb\u00e9m mais bonitas, deixando a cidade com um novo visual. O trabalho \u00e9 fruto da parceria com a Equatorial Energia Alagoas, empresa que fornece energia el\u00e9trica para todo o estado. O &hellip;<\/p>\n","protected":false},"author":1,"featured_media":13092,"comment_status":"closed","ping_status":"closed","sticky":false,"template":"","format":"standard","meta":{"_jetpack_newsletter_access":"","_jetpack_dont_email_post_to_subs":false,"_jetpack_newsletter_tier_id":0,"_jetpack_memberships_contains_paywalled_content":false,"_jetpack_memberships_contains_paid_content":false,"footnotes":""},"categories":[1],"tags":[],"class_list":["post-13091","post","type-post","status-publish","format-standard","has-post-thumbnail","hentry","category-destaque"],"jetpack_sharing_enabled":true,"jetpack_featured_media_url":"","_links":{"self":[{"href":"https:\/\/www.oparanews.com.br\/index.php\/wp-json\/wp\/v2\/posts\/13091","targetHints":{"allow":["GET"]}}],"collection":[{"href":"https:\/\/www.oparanews.com.br\/index.php\/wp-json\/wp\/v2\/posts"}],"about":[{"href":"https:\/\/www.oparanews.com.br\/index.php\/wp-json\/wp\/v2\/types\/post"}],"author":[{"embeddable":true,"href":"https:\/\/www.oparanews.com.br\/index.php\/wp-json\/wp\/v2\/users\/1"}],"replies":[{"embeddable":true,"href":"https:\/\/www.oparanews.com.br\/index.php\/wp-json\/wp\/v2\/comments?post=13091"}],"version-history":[{"count":0,"href":"https:\/\/www.oparanews.com.br\/index.php\/wp-json\/wp\/v2\/posts\/13091\/revisions"}],"wp:attachment":[{"href":"https:\/\/www.oparanews.com.br\/index.php\/wp-json\/wp\/v2\/media?parent=13091"}],"wp:term":[{"taxonomy":"category","embeddable":true,"href":"https:\/\/www.oparanews.com.br\/index.php\/wp-json\/wp\/v2\/categories?post=13091"},{"taxonomy":"post_tag","embeddable":true,"href":"https:\/\/www.oparanews.com.br\/index.php\/wp-json\/wp\/v2\/tags?post=13091"}],"curies":[{"name":"wp","href":"https:\/\/api.w.org\/{rel}","templated":true}]}}