{"id":13094,"date":"2021-02-19T20:08:28","date_gmt":"2021-02-19T20:08:28","guid":{"rendered":"https:\/\/oparanews.com.br\/?p=13094"},"modified":"2021-02-19T20:08:28","modified_gmt":"2021-02-19T20:08:28","slug":"prefeito-ronaldo-lopes-recebe-diretoria-do-sindspem","status":"publish","type":"post","link":"https:\/\/www.oparanews.com.br\/index.php\/2021\/02\/19\/prefeito-ronaldo-lopes-recebe-diretoria-do-sindspem\/","title":{"rendered":"Prefeito Ronaldo Lopes recebe diretoria do Sindspem"},"content":{"rendered":"<p>O Prefeito Ronaldo Lopes recebeu diretores do Sindicato dos Servidores P\u00fablicos Municipais de Penedo (Sindspem) nesta quinta-feira, 18.<\/p>\n<p>A audi\u00eancia entre o gestor penedense e representantes do funcionalismo municipal comprova que uma das marcas do governo Ronaldo Lopes\/Jo\u00e3o Lucas \u00e9 o di\u00e1logo permanente entre o poder p\u00fablico e setores organizados da sociedade.<\/p>\n<p>\u201cTivemos uma reuni\u00e3o muito proveitosa com diretores do Sindspem, eles apresentaram reivindica\u00e7\u00f5es e tamb\u00e9m trouxeram sugest\u00f5es interessantes\u201d, destaca Ronaldo Lopes sobre o contato direto entre a gest\u00e3o e o sindicato, rela\u00e7\u00e3o que ter\u00e1 continuidade.<\/p>\n<p>Alguns pontos da pauta debatida durante cerca de cinco horas, na sala de reuni\u00f5es da Prefeitura de Penedo, ter\u00e3o retorno em breve, outros exigem estudo mais aprofundado.<\/p>\n<p>\u201cN\u00f3s j\u00e1 estamos trabalhando para atender algumas reivindica\u00e7\u00f5es e vamos manter o di\u00e1logo com sindicato e funcion\u00e1rios para, juntos, encontrarmos as melhores sa\u00eddas, solu\u00e7\u00f5es que sejam vi\u00e1veis para todos n\u00f3s, servidores e prefeitura\u201d, explica o Prefeito de Penedo.<\/p>\n<p>&nbsp;<\/p>\n<p><strong>Fonte: Decom &#8211; PMP<\/strong><\/p>\n<p>&nbsp;<\/p>\n","protected":false},"excerpt":{"rendered":"<p>O Prefeito Ronaldo Lopes recebeu diretores do Sindicato dos Servidores P\u00fablicos Municipais de Penedo (Sindspem) nesta quinta-feira, 18. A audi\u00eancia entre o gestor penedense e representantes do funcionalismo municipal comprova que uma das marcas do governo Ronaldo Lopes\/Jo\u00e3o Lucas \u00e9 o di\u00e1logo permanente entre o poder p\u00fablico e setores organizados da sociedade. \u201cTivemos uma reuni\u00e3o &hellip;<\/p>\n","protected":false},"author":1,"featured_media":13095,"comment_status":"closed","ping_status":"closed","sticky":false,"template":"","format":"standard","meta":{"_jetpack_newsletter_access":"","_jetpack_dont_email_post_to_subs":false,"_jetpack_newsletter_tier_id":0,"_jetpack_memberships_contains_paywalled_content":false,"_jetpack_memberships_contains_paid_content":false,"footnotes":""},"categories":[1],"tags":[],"class_list":["post-13094","post","type-post","status-publish","format-standard","has-post-thumbnail","hentry","category-destaque"],"jetpack_sharing_enabled":true,"jetpack_featured_media_url":"","_links":{"self":[{"href":"https:\/\/www.oparanews.com.br\/index.php\/wp-json\/wp\/v2\/posts\/13094","targetHints":{"allow":["GET"]}}],"collection":[{"href":"https:\/\/www.oparanews.com.br\/index.php\/wp-json\/wp\/v2\/posts"}],"about":[{"href":"https:\/\/www.oparanews.com.br\/index.php\/wp-json\/wp\/v2\/types\/post"}],"author":[{"embeddable":true,"href":"https:\/\/www.oparanews.com.br\/index.php\/wp-json\/wp\/v2\/users\/1"}],"replies":[{"embeddable":true,"href":"https:\/\/www.oparanews.com.br\/index.php\/wp-json\/wp\/v2\/comments?post=13094"}],"version-history":[{"count":0,"href":"https:\/\/www.oparanews.com.br\/index.php\/wp-json\/wp\/v2\/posts\/13094\/revisions"}],"wp:attachment":[{"href":"https:\/\/www.oparanews.com.br\/index.php\/wp-json\/wp\/v2\/media?parent=13094"}],"wp:term":[{"taxonomy":"category","embeddable":true,"href":"https:\/\/www.oparanews.com.br\/index.php\/wp-json\/wp\/v2\/categories?post=13094"},{"taxonomy":"post_tag","embeddable":true,"href":"https:\/\/www.oparanews.com.br\/index.php\/wp-json\/wp\/v2\/tags?post=13094"}],"curies":[{"name":"wp","href":"https:\/\/api.w.org\/{rel}","templated":true}]}}