{"id":13097,"date":"2021-02-21T13:21:26","date_gmt":"2021-02-21T13:21:26","guid":{"rendered":"https:\/\/oparanews.com.br\/?p=13097"},"modified":"2021-02-21T13:21:26","modified_gmt":"2021-02-21T13:21:26","slug":"alagoas-registra-mais-502-casos-confirmados-e-10-mortes-por-covid-19","status":"publish","type":"post","link":"https:\/\/www.oparanews.com.br\/index.php\/2021\/02\/21\/alagoas-registra-mais-502-casos-confirmados-e-10-mortes-por-covid-19\/","title":{"rendered":"Alagoas registra mais 502 casos confirmados e 10 mortes por Covid-19"},"content":{"rendered":"<p>Alagoas registrou mais 502 casos confirmados e 10 mortes por Covid-19. A informa\u00e7\u00e3o consta no mais recente boletim epidemiol\u00f3gico divulgado pela Secretaria de Estado da Sa\u00fade (Sesau) neste s\u00e1bado (20).<\/p>\n<p>Com a atualiza\u00e7\u00e3o, o estado tem agora 127.843 casos e 2.923 \u00f3bitos causados pela doen\u00e7a desde o in\u00edcio da pandemia. 122.238 pacientes conseguiram se recuperar.<\/p>\n<p>H\u00e1 ainda 8.918 casos suspeitos, uma alta de 690 novos casos que aguardam resultado de exames laboratoriais para confirmar ou descartar a infec\u00e7\u00e3o pelo novo coronav\u00edrus.<\/p>\n<p>A Sesau informou tamb\u00e9m que 89.141 alagoanos j\u00e1 receberam a primeira dose da vacina contra a Covid-19. Em rela\u00e7\u00e3o aos munic\u00edpios alagoanos, segundo o Cosems, a vacina\u00e7\u00e3o ocorre nos 102 munic\u00edpios do Estado.<\/p>\n<p>Mesmo assim, a ocupa\u00e7\u00e3o de leitos exclusivos para pacientes com suspeita ou confirma\u00e7\u00e3o da doen\u00e7a preocupa. O \u00faltimo levantamento, atualizado na sexta (19), indica que 67% das UTIs no estado est\u00e3o ocupadas. Considerando o total de leitos, a taxa de ocupa\u00e7\u00e3o \u00e9 de 51%.<\/p>\n<p>Mais 10 mortes por Covid-19 em Alagoas<\/p>\n<p>Macei\u00f3: Mulher, 68 anos, sem comorbidades<br \/>\nMacei\u00f3: Mulher, 69 anos, tinha obesidade, hipertens\u00e3o arterial, hipotireoidismo e depress\u00e3o<br \/>\nMacei\u00f3: Mulher, 91 anos, tinha diabetes e doen\u00e7a cardiovascular<br \/>\nMacei\u00f3: Homem, 64 anos, era hipertenso e diab\u00e9tico<br \/>\nSantana do Ipanema: Homem, 44 anos, sem comorbidades<br \/>\nS\u00e3o Miguel dos Campos: Homem, 67 anos, era hipertenso<br \/>\nDelmiro Gouveia: Homem, 71 anos, era diab\u00e9tico e hipertenso<br \/>\nArapiraca: Homem, 76 anos, tinha hipertens\u00e3o, diabetes e doen\u00e7a cardiovascular<br \/>\nCampo Alegre: Homem, 81 anos, sem comorbidades<br \/>\nDelmiro Gouveia: Mulher, 88 anos, era hipertensa<\/p>\n<p>&nbsp;<\/p>\n<p><strong>Fonte: G1\/AL<\/strong><\/p>\n<p>&nbsp;<\/p>\n","protected":false},"excerpt":{"rendered":"<p>Alagoas registrou mais 502 casos confirmados e 10 mortes por Covid-19. A informa\u00e7\u00e3o consta no mais recente boletim epidemiol\u00f3gico divulgado pela Secretaria de Estado da Sa\u00fade (Sesau) neste s\u00e1bado (20). Com a atualiza\u00e7\u00e3o, o estado tem agora 127.843 casos e 2.923 \u00f3bitos causados pela doen\u00e7a desde o in\u00edcio da pandemia. 122.238 pacientes conseguiram se recuperar. &hellip;<\/p>\n","protected":false},"author":1,"featured_media":13098,"comment_status":"closed","ping_status":"closed","sticky":false,"template":"","format":"standard","meta":{"_jetpack_newsletter_access":"","_jetpack_dont_email_post_to_subs":false,"_jetpack_newsletter_tier_id":0,"_jetpack_memberships_contains_paywalled_content":false,"_jetpack_memberships_contains_paid_content":false,"footnotes":""},"categories":[1],"tags":[],"class_list":["post-13097","post","type-post","status-publish","format-standard","has-post-thumbnail","hentry","category-destaque"],"jetpack_sharing_enabled":true,"jetpack_featured_media_url":"","_links":{"self":[{"href":"https:\/\/www.oparanews.com.br\/index.php\/wp-json\/wp\/v2\/posts\/13097","targetHints":{"allow":["GET"]}}],"collection":[{"href":"https:\/\/www.oparanews.com.br\/index.php\/wp-json\/wp\/v2\/posts"}],"about":[{"href":"https:\/\/www.oparanews.com.br\/index.php\/wp-json\/wp\/v2\/types\/post"}],"author":[{"embeddable":true,"href":"https:\/\/www.oparanews.com.br\/index.php\/wp-json\/wp\/v2\/users\/1"}],"replies":[{"embeddable":true,"href":"https:\/\/www.oparanews.com.br\/index.php\/wp-json\/wp\/v2\/comments?post=13097"}],"version-history":[{"count":0,"href":"https:\/\/www.oparanews.com.br\/index.php\/wp-json\/wp\/v2\/posts\/13097\/revisions"}],"wp:attachment":[{"href":"https:\/\/www.oparanews.com.br\/index.php\/wp-json\/wp\/v2\/media?parent=13097"}],"wp:term":[{"taxonomy":"category","embeddable":true,"href":"https:\/\/www.oparanews.com.br\/index.php\/wp-json\/wp\/v2\/categories?post=13097"},{"taxonomy":"post_tag","embeddable":true,"href":"https:\/\/www.oparanews.com.br\/index.php\/wp-json\/wp\/v2\/tags?post=13097"}],"curies":[{"name":"wp","href":"https:\/\/api.w.org\/{rel}","templated":true}]}}