{"id":13100,"date":"2021-02-21T13:24:35","date_gmt":"2021-02-21T13:24:35","guid":{"rendered":"https:\/\/oparanews.com.br\/?p=13100"},"modified":"2021-02-21T13:24:35","modified_gmt":"2021-02-21T13:24:35","slug":"homem-e-preso-acusado-de-estuprar-crianca-de-dois-anos","status":"publish","type":"post","link":"https:\/\/www.oparanews.com.br\/index.php\/2021\/02\/21\/homem-e-preso-acusado-de-estuprar-crianca-de-dois-anos\/","title":{"rendered":"Homem \u00e9 preso acusado de estuprar crian\u00e7a de dois anos"},"content":{"rendered":"<p>Um homem foi preso, nesse s\u00e1bado (20), acusado de estuprar uma crian\u00e7a de dois anos em Minador do Negr\u00e3o. O homem foi preso ap\u00f3s uma den\u00fancia do Conselho Tutelar de Minador do Negr\u00e3o.<\/p>\n<p>A crian\u00e7a foi levada ao Instituto M\u00e9dico Legal (IML) de Arapiraca para ser submetida a exames, que confirmaram o estupro. O acusado, de 41 anos, foi localizado pelos militares do GPM de Minador do Negr\u00e3o e, ap\u00f3s a pris\u00e3o, foi encaminhado para a Delegacia Regional de Arapiraca.<\/p>\n<p>A pris\u00e3o aconteceu durante uma opera\u00e7\u00e3o integrada da Secretaria de Estado da Seguran\u00e7a P\u00fablica (SSP), que teve como foco fiscalizar munic\u00edpios do Agreste de Alagoas.<\/p>\n<p>&nbsp;<\/p>\n<p><strong>Fonte: Gazetaweb com assessoria<\/strong><\/p>\n<p>&nbsp;<\/p>\n","protected":false},"excerpt":{"rendered":"<p>Um homem foi preso, nesse s\u00e1bado (20), acusado de estuprar uma crian\u00e7a de dois anos em Minador do Negr\u00e3o. O homem foi preso ap\u00f3s uma den\u00fancia do Conselho Tutelar de Minador do Negr\u00e3o. A crian\u00e7a foi levada ao Instituto M\u00e9dico Legal (IML) de Arapiraca para ser submetida a exames, que confirmaram o estupro. O acusado, &hellip;<\/p>\n","protected":false},"author":1,"featured_media":13101,"comment_status":"closed","ping_status":"closed","sticky":false,"template":"","format":"standard","meta":{"_jetpack_newsletter_access":"","_jetpack_dont_email_post_to_subs":false,"_jetpack_newsletter_tier_id":0,"_jetpack_memberships_contains_paywalled_content":false,"_jetpack_memberships_contains_paid_content":false,"footnotes":""},"categories":[1],"tags":[],"class_list":["post-13100","post","type-post","status-publish","format-standard","has-post-thumbnail","hentry","category-destaque"],"jetpack_sharing_enabled":true,"jetpack_featured_media_url":"","_links":{"self":[{"href":"https:\/\/www.oparanews.com.br\/index.php\/wp-json\/wp\/v2\/posts\/13100","targetHints":{"allow":["GET"]}}],"collection":[{"href":"https:\/\/www.oparanews.com.br\/index.php\/wp-json\/wp\/v2\/posts"}],"about":[{"href":"https:\/\/www.oparanews.com.br\/index.php\/wp-json\/wp\/v2\/types\/post"}],"author":[{"embeddable":true,"href":"https:\/\/www.oparanews.com.br\/index.php\/wp-json\/wp\/v2\/users\/1"}],"replies":[{"embeddable":true,"href":"https:\/\/www.oparanews.com.br\/index.php\/wp-json\/wp\/v2\/comments?post=13100"}],"version-history":[{"count":0,"href":"https:\/\/www.oparanews.com.br\/index.php\/wp-json\/wp\/v2\/posts\/13100\/revisions"}],"wp:attachment":[{"href":"https:\/\/www.oparanews.com.br\/index.php\/wp-json\/wp\/v2\/media?parent=13100"}],"wp:term":[{"taxonomy":"category","embeddable":true,"href":"https:\/\/www.oparanews.com.br\/index.php\/wp-json\/wp\/v2\/categories?post=13100"},{"taxonomy":"post_tag","embeddable":true,"href":"https:\/\/www.oparanews.com.br\/index.php\/wp-json\/wp\/v2\/tags?post=13100"}],"curies":[{"name":"wp","href":"https:\/\/api.w.org\/{rel}","templated":true}]}}