{"id":13109,"date":"2021-02-21T13:36:50","date_gmt":"2021-02-21T13:36:50","guid":{"rendered":"https:\/\/oparanews.com.br\/?p=13109"},"modified":"2021-02-21T13:36:50","modified_gmt":"2021-02-21T13:36:50","slug":"imunizacao-dos-idosos-consideracoes-eticas-vacina-para-todos","status":"publish","type":"post","link":"https:\/\/www.oparanews.com.br\/index.php\/2021\/02\/21\/imunizacao-dos-idosos-consideracoes-eticas-vacina-para-todos\/","title":{"rendered":"Imuniza\u00e7\u00e3o dos idosos, considera\u00e7\u00f5es \u00e9ticas: Vacina para todos"},"content":{"rendered":"<p>Em meio as poucas e piores vacinas que restaram para os brasileiros contra o coronav\u00edrus, as prefeituras do Brasil a fora exibem idosos sendo vacinados[1], como se fossem verdadeiros trof\u00e9us, os quais representam as benfeitorias pol\u00edticas que simbolizam as a\u00e7\u00f5es de prote\u00e7\u00e3o comunit\u00e1ria. As imagens das pessoas idosas, mesmo n\u00e3o sendo em casas de repousos, sendo vacinadas, somam-se as distor\u00e7\u00f5es apresentadas por v\u00eddeos que denunciam falsas imuniza\u00e7\u00f5es[2]. Al\u00e9m do mais, como uma moral que parece peculiar das inconsequ\u00eancias e da falta de planejamento, observam-se os idosos sendo vacinadas por imunizante (Oxford AstraZeneca)[3] que, sequer, teve a aprova\u00e7\u00e3o dos pa\u00edses desenvolvidos, quanto a efic\u00e1cia e a seguran\u00e7a, para pessoas acima de 65 anos[4]. O Brasil transforma-se em um grande laborat\u00f3rio de pessoas \u201cvivas\u201d e \u201cmortas\u201d, a qual nunca saberemos, ao certo, os resultados dessa grande experi\u00eancia humana, destacando que s\u00e3o desconsideradas as notifica\u00e7\u00f5es. Todavia, nesse artigo enfatiza-se a imuniza\u00e7\u00e3o dos idosos, p\u00f5em evid\u00eancias as considera\u00e7\u00f5es \u00e9ticas do dever e utilit\u00e1ria[5], chamando a aten\u00e7\u00e3o a \u00e9tica do \u201cdever\u201d, a qual imporia com a\u00e7\u00e3o moral a vacina\u00e7\u00e3o para todos, segura, eficaz e equitativamente, sem distin\u00e7\u00e3o.<\/p>\n<p>As pondera\u00e7\u00f5es relevadas para imuniza\u00e7\u00e3o contra o coronav\u00edrus que estabelecem as escolhas priorit\u00e1rias, determina\u00e7\u00e3o do Minist\u00e9rio da Sa\u00fade, sendo repassada para os estados e munic\u00edpios como os guias, recomenda\u00e7\u00f5es, orienta que[6]:<\/p>\n<p>\u2013 Trabalhadores da sa\u00fade (equipes de vacina\u00e7\u00e3o que estiverem inicialmente envolvidas na vacina\u00e7\u00e3o dos grupos elencados para as 6 milh\u00f5es de doses, trabalhadores dos servi\u00e7os de sa\u00fade p\u00fablicos e privados, tanto da urg\u00eancia quanto da aten\u00e7\u00e3o b\u00e1sica, envolvidos diretamente na aten\u00e7\u00e3o\/refer\u00eancia para os casos suspeitos e confirmados de Covid-19, trabalhadores das Institui\u00e7\u00f5es de Longa Perman\u00eancia de Idosos e de Resid\u00eancias Inclusivas (Servi\u00e7o de Acolhimento Institucional em Resid\u00eancia Inclusiva para jovens e adultos com defici\u00eancia) e demais trabalhadores de sa\u00fade;<\/p>\n<p>\u2013 Pessoas idosas residentes em institui\u00e7\u00f5es de longa perman\u00eancia (institucionalizadas);<\/p>\n<p>\u2013 Pessoas a partir de 18 anos de idade com defici\u00eancia, residentes em Resid\u00eancias Inclusivas (institucionalizadas);<\/p>\n<p>\u2013 Popula\u00e7\u00e3o ind\u00edgena vivendo em terras ind\u00edgenas.<\/p>\n<p>O que se observou, como figuras pict\u00f3ricas tradicionais, foram prefeituras estabelecendo uma nova ordem de imuniza\u00e7\u00f5es, deixando de lado grupos priorit\u00e1rios, como muitos profissionais de sa\u00fade, e priorizando a vacina\u00e7\u00e3o de idosos, mesmo que falsa vacina\u00e7\u00e3o, e que, nem mesmo, encontravam-se em institui\u00e7\u00f5es de longa perman\u00eancia. Os interesses pol\u00edticos por novos arquivos que retratavam as camaradagens costumeira (abra\u00e7os em crian\u00e7as, afago aos idosos, sinais de aproxima\u00e7\u00e3o que nunca existiu, etc.), levaram a uma verdadeira corrida entre as prefeituras para demonstrar quem seria o primeiro e quem mais vacinaria idosos. As imagens de cuidados com os idosos comovem, rendem votos, entretanto, escondem as feiuras das reclama\u00e7\u00f5es para com os profissionais de sa\u00fade[7], os quais ainda n\u00e3o foram imunizados e que cuidam diretamente dos idosos e dos seus diversos problemas de sa\u00fade.<\/p>\n<p>Esse artigo prop\u00f4s um debate \u00e9tico relacionado com a \u00e9tica utilit\u00e1ria e do dever. O debate compromete argumenta\u00e7\u00f5es extensas que, para cada pensamento a ser debatido, n\u00e3o caberia em um simples artigo. Todavia, com a finalidade de ser o mais objetivo poss\u00edvel, poder-se-ia destacar alguns aspectos \u201cutilit\u00e1rios\u201d e aspectos do \u201cdever\u201d[8]. No pensamento \u201cutilitarista\u201d sobre a decis\u00e3o das prefeituras de promover a vacina\u00e7\u00e3o dos idosos e deixar de fora os seus cuidadores, profissionais de sa\u00fade, fica evidente que, tratando-se que o idoso, de certo modo, encontra-se isolado e apresenta os menores riscos de exposi\u00e7\u00e3o ao v\u00edrus, a l\u00f3gica ascendente de contamina\u00e7\u00e3o partir\u00e1 dos familiares mais jovens e poss\u00edveis cuidadores, profissionais de sa\u00fade. Em outro pensamento, a desabilita\u00e7\u00e3o de um idoso n\u00e3o implicar\u00e1 em preju\u00edzos de assist\u00eancia a outros idosos, o contr\u00e1rio \u00e9 verdadeiro. O profissional de sa\u00fade afastado provocar\u00e1 uma sequ\u00eancia desencadeada de desassist\u00eancia, deixando in\u00fameras pessoas desassistidas. Ent\u00e3o, na l\u00f3gica \u201cutilit\u00e1ria\u201d permite-se concluir que a decis\u00e3o faz parte de mais um embrolho e planejamento pol\u00edtico. A partir da \u00e9tica do \u201cdever\u201d n\u00e3o restam d\u00favidas da import\u00e2ncia de cada indiv\u00edduo. Todas as pessoas, sem distin\u00e7\u00e3o de classe e grupos et\u00e1rios, deveriam ser imunizadas prontamente, e com os melhores imunizantes. O dever de salvar vidas \u00e9 um ato constitucional que envolve a todos, at\u00e9 mesmo os estrangeiros que vivem no Brasil. Al\u00e9m de ser um dever constitucional, \u00e9 uma obriga\u00e7\u00e3o moral perante aos direitos humanos, portanto, todos deveriam ser imunizados. Contudo, devido as limita\u00e7\u00f5es dos recursos, causados, tamb\u00e9m, pela desconsidera\u00e7\u00e3o da magnitude pand\u00eamica e pela falta de planejamento, remete-se aqui a \u00e9tica utilit\u00e1ria, enxergando que, mais uma vez, o utilitarismo que se est\u00e1 ponderando \u00e9 o pol\u00edtico.<\/p>\n<p>&nbsp;<\/p>\n<p><strong>por \u00c2ngelo Augusto Ara\u00fajo\/jornalgrandebahia<\/strong><\/p>\n<p>&nbsp;<\/p>\n","protected":false},"excerpt":{"rendered":"<p>Em meio as poucas e piores vacinas que restaram para os brasileiros contra o coronav\u00edrus, as prefeituras do Brasil a fora exibem idosos sendo vacinados[1], como se fossem verdadeiros trof\u00e9us, os quais representam as benfeitorias pol\u00edticas que simbolizam as a\u00e7\u00f5es de prote\u00e7\u00e3o comunit\u00e1ria. As imagens das pessoas idosas, mesmo n\u00e3o sendo em casas de repousos, &hellip;<\/p>\n","protected":false},"author":1,"featured_media":13110,"comment_status":"closed","ping_status":"closed","sticky":false,"template":"","format":"standard","meta":{"_jetpack_newsletter_access":"","_jetpack_dont_email_post_to_subs":false,"_jetpack_newsletter_tier_id":0,"_jetpack_memberships_contains_paywalled_content":false,"_jetpack_memberships_contains_paid_content":false,"footnotes":""},"categories":[1],"tags":[],"class_list":["post-13109","post","type-post","status-publish","format-standard","has-post-thumbnail","hentry","category-destaque"],"jetpack_sharing_enabled":true,"jetpack_featured_media_url":"","_links":{"self":[{"href":"https:\/\/www.oparanews.com.br\/index.php\/wp-json\/wp\/v2\/posts\/13109","targetHints":{"allow":["GET"]}}],"collection":[{"href":"https:\/\/www.oparanews.com.br\/index.php\/wp-json\/wp\/v2\/posts"}],"about":[{"href":"https:\/\/www.oparanews.com.br\/index.php\/wp-json\/wp\/v2\/types\/post"}],"author":[{"embeddable":true,"href":"https:\/\/www.oparanews.com.br\/index.php\/wp-json\/wp\/v2\/users\/1"}],"replies":[{"embeddable":true,"href":"https:\/\/www.oparanews.com.br\/index.php\/wp-json\/wp\/v2\/comments?post=13109"}],"version-history":[{"count":0,"href":"https:\/\/www.oparanews.com.br\/index.php\/wp-json\/wp\/v2\/posts\/13109\/revisions"}],"wp:attachment":[{"href":"https:\/\/www.oparanews.com.br\/index.php\/wp-json\/wp\/v2\/media?parent=13109"}],"wp:term":[{"taxonomy":"category","embeddable":true,"href":"https:\/\/www.oparanews.com.br\/index.php\/wp-json\/wp\/v2\/categories?post=13109"},{"taxonomy":"post_tag","embeddable":true,"href":"https:\/\/www.oparanews.com.br\/index.php\/wp-json\/wp\/v2\/tags?post=13109"}],"curies":[{"name":"wp","href":"https:\/\/api.w.org\/{rel}","templated":true}]}}