{"id":13115,"date":"2021-02-21T13:42:01","date_gmt":"2021-02-21T13:42:01","guid":{"rendered":"https:\/\/oparanews.com.br\/?p=13115"},"modified":"2021-02-21T13:42:01","modified_gmt":"2021-02-21T13:42:01","slug":"bbb-21-camilla-discute-com-karol-conka","status":"publish","type":"post","link":"https:\/\/www.oparanews.com.br\/index.php\/2021\/02\/21\/bbb-21-camilla-discute-com-karol-conka\/","title":{"rendered":"BBB 21: Camilla discute com Karol Conk\u00e1"},"content":{"rendered":"<p>Fogo no parquinho, ou melhor, fogo no \u201cBBB 21\u201d! Depois da discuss\u00e3o generalizada entre Gilberto e Arthur, Camilla de Lucas deu um chega pra l\u00e1 em Karol Conk\u00e1 na tarde deste s\u00e1bado (20).<\/p>\n<p>As duas participantes estavam na \u00e1rea externa da casa, conversando sobre o surto de Gilberto, quando Karol criticou a atitude do brother.<\/p>\n<p>\u201cEle errou em se exaltar. Mas, n\u00e3o sei o que ocorreu para isso. N\u00e3o tomo partido, sem ter visto\u201d, disse Camilla.<\/p>\n<p>A fala da influenciadora n\u00e3o agradou a cantora, que disse: \u201cVoc\u00ea tomou as dores do lado de l\u00e1. Voc\u00ea nunca ficou do meu lado\u201d.<\/p>\n<p>E isso foi o bastante para criar um baita barraco!<\/p>\n<p>\u201cVoc\u00ea est\u00e1 usando o meu nome para vir aqui e afirmar que eu estou do lado de l\u00e1 para naturalmente o Caio achar que eu estou contra a ele. Para naturalmente o Rodolffo, Projota e Pocah acharem que eu estou contra eles. Voc\u00ea planta a semente. Eu venho aqui e eu falo mesmo\u201d.<\/p>\n<p>E continuou, dizendo:<\/p>\n<p>\u201cVoc\u00ea gosta de jogar uma pessoa contra a outra, s\u00f3 que eu sou a Camilla de Lucas, eu n\u00e3o sou idiota n\u00e3o. E voc\u00ea pode ser a Karol Conk\u00e1 braba l\u00e1 fora, mas tem outra braba aqui dentro tamb\u00e9m\u201c.<\/p>\n<p>Karol respondeu: \u201cVoc\u00ea quer competir com a pessoa errada, porque voc\u00ea n\u00e3o aguenta a rajada\u201d. E na sequ\u00eancia quis colocar a milit\u00e2ncia para jogo, alegando que Camilla estava criando intriga entre duas mulheres pretas.<\/p>\n<p>A atitude irritou ainda mais a influenciadora, que declarou: \u201cN\u00e3o vem levantar quest\u00e3o de milit\u00e2ncia em afinidade n\u00e3o. Porque eu n\u00e3o sou obrigada a me dar bem com voc\u00ea\u201d.<\/p>\n<p>\u201cVoc\u00ea est\u00e1 levantando a milit\u00e2ncia como se eu tivesse a obriga\u00e7\u00e3o de ter afinidade com voc\u00ea s\u00f3 porque voc\u00ea \u00e9 preta\u201d.<\/p>\n<p>E o bate boca continuou, com Karol dizendo que Camilla estava fazendo VT. A influenciadora, ent\u00e3o, quis tirar uma com a cantora e finalizou, dizendo:<\/p>\n<p>\u201cBeijinhos, pode ir, gata. Se eu precisasse de VT, eu j\u00e1 teria ido atr\u00e1s de voc\u00ea h\u00e1 muito tempo\u201d.<\/p>\n<p>&nbsp;<\/p>\n<p><strong>Fonte: PopLine<\/strong><\/p>\n<p>&nbsp;<\/p>\n","protected":false},"excerpt":{"rendered":"<p>Fogo no parquinho, ou melhor, fogo no \u201cBBB 21\u201d! Depois da discuss\u00e3o generalizada entre Gilberto e Arthur, Camilla de Lucas deu um chega pra l\u00e1 em Karol Conk\u00e1 na tarde deste s\u00e1bado (20). As duas participantes estavam na \u00e1rea externa da casa, conversando sobre o surto de Gilberto, quando Karol criticou a atitude do brother. &hellip;<\/p>\n","protected":false},"author":1,"featured_media":13116,"comment_status":"closed","ping_status":"closed","sticky":false,"template":"","format":"standard","meta":{"_jetpack_newsletter_access":"","_jetpack_dont_email_post_to_subs":false,"_jetpack_newsletter_tier_id":0,"_jetpack_memberships_contains_paywalled_content":false,"_jetpack_memberships_contains_paid_content":false,"footnotes":""},"categories":[1],"tags":[],"class_list":["post-13115","post","type-post","status-publish","format-standard","has-post-thumbnail","hentry","category-destaque"],"jetpack_sharing_enabled":true,"jetpack_featured_media_url":"","_links":{"self":[{"href":"https:\/\/www.oparanews.com.br\/index.php\/wp-json\/wp\/v2\/posts\/13115","targetHints":{"allow":["GET"]}}],"collection":[{"href":"https:\/\/www.oparanews.com.br\/index.php\/wp-json\/wp\/v2\/posts"}],"about":[{"href":"https:\/\/www.oparanews.com.br\/index.php\/wp-json\/wp\/v2\/types\/post"}],"author":[{"embeddable":true,"href":"https:\/\/www.oparanews.com.br\/index.php\/wp-json\/wp\/v2\/users\/1"}],"replies":[{"embeddable":true,"href":"https:\/\/www.oparanews.com.br\/index.php\/wp-json\/wp\/v2\/comments?post=13115"}],"version-history":[{"count":0,"href":"https:\/\/www.oparanews.com.br\/index.php\/wp-json\/wp\/v2\/posts\/13115\/revisions"}],"wp:attachment":[{"href":"https:\/\/www.oparanews.com.br\/index.php\/wp-json\/wp\/v2\/media?parent=13115"}],"wp:term":[{"taxonomy":"category","embeddable":true,"href":"https:\/\/www.oparanews.com.br\/index.php\/wp-json\/wp\/v2\/categories?post=13115"},{"taxonomy":"post_tag","embeddable":true,"href":"https:\/\/www.oparanews.com.br\/index.php\/wp-json\/wp\/v2\/tags?post=13115"}],"curies":[{"name":"wp","href":"https:\/\/api.w.org\/{rel}","templated":true}]}}