{"id":13130,"date":"2021-02-21T14:02:25","date_gmt":"2021-02-21T14:02:25","guid":{"rendered":"https:\/\/oparanews.com.br\/?p=13130"},"modified":"2021-02-21T14:02:25","modified_gmt":"2021-02-21T14:02:25","slug":"vereadores-apoiam-liberacao-de-recursos-para-santa-casa-de-penedo","status":"publish","type":"post","link":"https:\/\/www.oparanews.com.br\/index.php\/2021\/02\/21\/vereadores-apoiam-liberacao-de-recursos-para-santa-casa-de-penedo\/","title":{"rendered":"Vereadores apoiam libera\u00e7\u00e3o de recursos para Santa Casa de Penedo"},"content":{"rendered":"<p>Recursos destinados para a Santa Casa de Miseric\u00f3rdia de Penedo manter a\u00e7\u00f5es de enfrentamento ao coronav\u00edrus est\u00e3o travados na Secretaria de Estado da Sa\u00fade (Sesau). A falta do repasse repercute na C\u00e2mara Municipal de Penedo (CMP) e une parlamentares penedenses para cobrar a regulariza\u00e7\u00e3o da transfer\u00eancia.<\/p>\n<p>De forma un\u00e2nime, foi aprovada durante a reuni\u00e3o desta quinta-feira, 18, a forma\u00e7\u00e3o de uma comiss\u00e3o para tratar do assunto com o Secret\u00e1rio Alexandre Ayres, em Macei\u00f3.<\/p>\n<p>\u201cPrecisamos nos unir e sair em defesa da Santa Casa de Penedo\u201d, declarou o autor da proposta, Vereador Rodrigo Regueira\/Republicanos, ap\u00f3s informar sobre os contatos mantidos com a provedoria da institui\u00e7\u00e3o que asiste n\u00e3o s\u00f3 o povo de Penedo e regi\u00e3o, mas tamb\u00e9m pessoas de outras cidades de Alagoas e de Sergipe.<\/p>\n<p>Devido a import\u00e2ncia do pleito, a comiss\u00e3o que seria inicialmente formada por Rodrigo Regueira, Denys Reis\/PSDB e Roberto da Farm\u00e1cia (Paulo Roberto Ferreira\/PP) foi ampliada para todos os vereadores, ap\u00f3s sugest\u00e3o de Valdinho Monteiro\/PP.<\/p>\n<p>A cria\u00e7\u00e3o da frente parlamentar, conforme observou Marival Oliveira\/PP, ganha ainda com a participa\u00e7\u00e3o dos deputados estaduais aliados dos vereadores. Eles tamb\u00e9m devem expor o tema na Assembleia Legislativa e participar da audi\u00eancia a ser agendada o gestor da Sesau.<\/p>\n<p>O Presidente da C\u00e2mara Municipal de Penedo, Vereador J\u00fanior do T\u00f3 (Ant\u00f4nio de Figueiredo Barbosa J\u00fanior\/PDT) parabenizou a Santa Casa de Penedo por seus 254 anos de servi\u00e7os prestados, destacando o apoio incondicional do parlamento penedense para todas as causas da entidade secular.<\/p>\n<p>&nbsp;<\/p>\n<p><strong>Fonte: Ascom CMP<\/strong><\/p>\n<p>&nbsp;<\/p>\n","protected":false},"excerpt":{"rendered":"<p>Recursos destinados para a Santa Casa de Miseric\u00f3rdia de Penedo manter a\u00e7\u00f5es de enfrentamento ao coronav\u00edrus est\u00e3o travados na Secretaria de Estado da Sa\u00fade (Sesau). A falta do repasse repercute na C\u00e2mara Municipal de Penedo (CMP) e une parlamentares penedenses para cobrar a regulariza\u00e7\u00e3o da transfer\u00eancia. De forma un\u00e2nime, foi aprovada durante a reuni\u00e3o desta &hellip;<\/p>\n","protected":false},"author":1,"featured_media":13131,"comment_status":"closed","ping_status":"closed","sticky":false,"template":"","format":"standard","meta":{"_jetpack_newsletter_access":"","_jetpack_dont_email_post_to_subs":false,"_jetpack_newsletter_tier_id":0,"_jetpack_memberships_contains_paywalled_content":false,"_jetpack_memberships_contains_paid_content":false,"footnotes":""},"categories":[1],"tags":[],"class_list":["post-13130","post","type-post","status-publish","format-standard","has-post-thumbnail","hentry","category-destaque"],"jetpack_sharing_enabled":true,"jetpack_featured_media_url":"","_links":{"self":[{"href":"https:\/\/www.oparanews.com.br\/index.php\/wp-json\/wp\/v2\/posts\/13130","targetHints":{"allow":["GET"]}}],"collection":[{"href":"https:\/\/www.oparanews.com.br\/index.php\/wp-json\/wp\/v2\/posts"}],"about":[{"href":"https:\/\/www.oparanews.com.br\/index.php\/wp-json\/wp\/v2\/types\/post"}],"author":[{"embeddable":true,"href":"https:\/\/www.oparanews.com.br\/index.php\/wp-json\/wp\/v2\/users\/1"}],"replies":[{"embeddable":true,"href":"https:\/\/www.oparanews.com.br\/index.php\/wp-json\/wp\/v2\/comments?post=13130"}],"version-history":[{"count":0,"href":"https:\/\/www.oparanews.com.br\/index.php\/wp-json\/wp\/v2\/posts\/13130\/revisions"}],"wp:attachment":[{"href":"https:\/\/www.oparanews.com.br\/index.php\/wp-json\/wp\/v2\/media?parent=13130"}],"wp:term":[{"taxonomy":"category","embeddable":true,"href":"https:\/\/www.oparanews.com.br\/index.php\/wp-json\/wp\/v2\/categories?post=13130"},{"taxonomy":"post_tag","embeddable":true,"href":"https:\/\/www.oparanews.com.br\/index.php\/wp-json\/wp\/v2\/tags?post=13130"}],"curies":[{"name":"wp","href":"https:\/\/api.w.org\/{rel}","templated":true}]}}