{"id":13133,"date":"2021-02-21T21:53:45","date_gmt":"2021-02-21T21:53:45","guid":{"rendered":"https:\/\/oparanews.com.br\/?p=13133"},"modified":"2021-02-21T21:53:45","modified_gmt":"2021-02-21T21:53:45","slug":"carlos-alberto-de-nobrega-e-esposa-sao-internados-com-covid-19","status":"publish","type":"post","link":"https:\/\/www.oparanews.com.br\/index.php\/2021\/02\/21\/carlos-alberto-de-nobrega-e-esposa-sao-internados-com-covid-19\/","title":{"rendered":"Carlos Alberto de N\u00f3brega e esposa s\u00e3o internados com Covid-19"},"content":{"rendered":"<p>Carlos Alberto de N\u00f3brega, de 84 anos de idade, foi internado no Hospital S\u00edrio-Liban\u00eas, em S\u00e3o Paulo, no s\u00e1bado (20), ap\u00f3s ser diagnosticado com Covid-19. A mulher dele, Renata Domingues, tamb\u00e9m est\u00e1 hospitalizada na mesma unidade com a doen\u00e7a. O humorista atualizou os f\u00e3s sobre seu estado de sa\u00fade no Instagram.<\/p>\n<p>&#8220;Estou \u00f3timo. J\u00e1 comecei o tratamento. Estou sem dor, mal estar, nada. Pude at\u00e9 ir no quarto da Renata, que est\u00e1 bem melhor, sem ter mais dores. Meu ca\u00e7ula, Jo\u00e3o Victor, est\u00e1 em isolamento em casa e n\u00e3o sente nada&#8221;, publicou Carlos.<\/p>\n<p>&#8220;Sempre juntos e agarradinhos. Foi voc\u00ea ser internada na quinta e l\u00e1 vim eu atr\u00e1s, s\u00e1bado. Vamos disputar quem sai primeiro. E como eu sou um cavalheiro, primeiro as damas. Quero que meus seguidores saibam o quanto eu te amo, te admiro, minha mulher, minha parceria, minha m\u00e9dica, minha Renata. Logo logo estaremos &#8216;brigando&#8217; para ver quem fica com mais edredom para se cobrir&#8221;, escreveu ele falando sobre a amada.<\/p>\n<p>Renata, que foi vacinada no dia 11 de fevereiro, foi internada na \u00faltima quinta-feira (18) e tamb\u00e9m falou sobre os sintomas nas redes sociais. &#8220;Quem me aparece no s\u00e1bado? Dign\u00edssimo Carlos Alberto. \u00c9 uma doen\u00e7a muito s\u00e9ria, tem que prestar aten\u00e7\u00e3o nos sintomas. Tive dor no corpo, febre (&#8230;). Estou bem, tomando as medica\u00e7\u00f5es. Muito obrigada pelas mensagens&#8221;, agradeceu ela no Instagram.<\/p>\n<p>&nbsp;<\/p>\n<p><strong>Fonte: Quem<\/strong><\/p>\n<p>&nbsp;<\/p>\n","protected":false},"excerpt":{"rendered":"<p>Carlos Alberto de N\u00f3brega, de 84 anos de idade, foi internado no Hospital S\u00edrio-Liban\u00eas, em S\u00e3o Paulo, no s\u00e1bado (20), ap\u00f3s ser diagnosticado com Covid-19. A mulher dele, Renata Domingues, tamb\u00e9m est\u00e1 hospitalizada na mesma unidade com a doen\u00e7a. O humorista atualizou os f\u00e3s sobre seu estado de sa\u00fade no Instagram. &#8220;Estou \u00f3timo. J\u00e1 comecei &hellip;<\/p>\n","protected":false},"author":1,"featured_media":13134,"comment_status":"closed","ping_status":"closed","sticky":false,"template":"","format":"standard","meta":{"_jetpack_newsletter_access":"","_jetpack_dont_email_post_to_subs":false,"_jetpack_newsletter_tier_id":0,"_jetpack_memberships_contains_paywalled_content":false,"_jetpack_memberships_contains_paid_content":false,"footnotes":""},"categories":[1],"tags":[],"class_list":["post-13133","post","type-post","status-publish","format-standard","has-post-thumbnail","hentry","category-destaque"],"jetpack_sharing_enabled":true,"jetpack_featured_media_url":"","_links":{"self":[{"href":"https:\/\/www.oparanews.com.br\/index.php\/wp-json\/wp\/v2\/posts\/13133","targetHints":{"allow":["GET"]}}],"collection":[{"href":"https:\/\/www.oparanews.com.br\/index.php\/wp-json\/wp\/v2\/posts"}],"about":[{"href":"https:\/\/www.oparanews.com.br\/index.php\/wp-json\/wp\/v2\/types\/post"}],"author":[{"embeddable":true,"href":"https:\/\/www.oparanews.com.br\/index.php\/wp-json\/wp\/v2\/users\/1"}],"replies":[{"embeddable":true,"href":"https:\/\/www.oparanews.com.br\/index.php\/wp-json\/wp\/v2\/comments?post=13133"}],"version-history":[{"count":0,"href":"https:\/\/www.oparanews.com.br\/index.php\/wp-json\/wp\/v2\/posts\/13133\/revisions"}],"wp:attachment":[{"href":"https:\/\/www.oparanews.com.br\/index.php\/wp-json\/wp\/v2\/media?parent=13133"}],"wp:term":[{"taxonomy":"category","embeddable":true,"href":"https:\/\/www.oparanews.com.br\/index.php\/wp-json\/wp\/v2\/categories?post=13133"},{"taxonomy":"post_tag","embeddable":true,"href":"https:\/\/www.oparanews.com.br\/index.php\/wp-json\/wp\/v2\/tags?post=13133"}],"curies":[{"name":"wp","href":"https:\/\/api.w.org\/{rel}","templated":true}]}}