{"id":13139,"date":"2021-02-21T21:59:10","date_gmt":"2021-02-21T21:59:10","guid":{"rendered":"https:\/\/oparanews.com.br\/?p=13139"},"modified":"2021-02-21T21:59:10","modified_gmt":"2021-02-21T21:59:10","slug":"alagoas-confirma-349-casos-e-nove-mortes-por-covid-19","status":"publish","type":"post","link":"https:\/\/www.oparanews.com.br\/index.php\/2021\/02\/21\/alagoas-confirma-349-casos-e-nove-mortes-por-covid-19\/","title":{"rendered":"Alagoas confirma 349 casos e nove mortes por Covid-19"},"content":{"rendered":"<p>Alagoas confirmou 349 casos e nove mortes nas \u00faltimas 24 horas, segundo o boletim epidemiol\u00f3gico da Secretaria de Estado da Sa\u00fade (Sesau) deste domingo (21). Macei\u00f3 concentrou 204 casos e tr\u00eas \u00f3bitos.<\/p>\n<p>Desde o come\u00e7o da pandemia, o estado registrou 128.192 casos e 2.932 \u00f3bitos. Na capital, 1.315 pessoas morreram de Covid-19 e 49.468 receberam diagn\u00f3stico da doen\u00e7a.<\/p>\n<p>Dos casos confirmados no estado, 122.264 pacientes se recuperaram. H\u00e1 8.932 casos suspeitos, \u00e0 espera de resultado de exames. 2.573 doentes est\u00e3o em isolamento domiciliar.<\/p>\n<p>O boletim de ocupa\u00e7\u00e3o hospitalar mais atualizado mostrou que a taxa de ocupa\u00e7\u00e3o de leitos de UTI para Covid-19 chegou a 72% nesse s\u00e1bado (20). A taxa geral de ocupa\u00e7\u00e3o de leitos exclusivos para Covid-19 estava em 54%.<\/p>\n<p><strong>Mais nove mortes por Covid-19<\/strong><\/p>\n<p>Macei\u00f3: Mulher, 64 anos \u2013 diab\u00e9tica e doen\u00e7a cardiovascular<br \/>\nMacei\u00f3: Mulher, 74 anos \u2013 sem comorbidades<br \/>\nMacei\u00f3: Mulher, 76 anos \u2013 hipertensa e diab\u00e9tica<br \/>\nPia\u00e7abu\u00e7u: Homem, 51 anos \u2013 doen\u00e7a renal cr\u00f4nica<br \/>\nArapiraca: Homem, 58 anos \u2013 hipertenso e diab\u00e9tico<br \/>\nMarechal Deodoro: Homem, 59 anos \u2013 hipertens\u00e3o<br \/>\nMaragogi: Homem, 62 anos \u2013 cardiopatia e hipertens\u00e3o arterial<br \/>\nP\u00e3o de A\u00e7\u00facar: Homem, 77 anos \u2013 comorbidades<br \/>\nCampo Alegre: Homem, 78 anos \u2013 sem comorbidades<\/p>\n<p>&nbsp;<\/p>\n<p><strong>Fonte: G1\/AL<\/strong><\/p>\n<p>&nbsp;<\/p>\n","protected":false},"excerpt":{"rendered":"<p>Alagoas confirmou 349 casos e nove mortes nas \u00faltimas 24 horas, segundo o boletim epidemiol\u00f3gico da Secretaria de Estado da Sa\u00fade (Sesau) deste domingo (21). Macei\u00f3 concentrou 204 casos e tr\u00eas \u00f3bitos. Desde o come\u00e7o da pandemia, o estado registrou 128.192 casos e 2.932 \u00f3bitos. Na capital, 1.315 pessoas morreram de Covid-19 e 49.468 receberam &hellip;<\/p>\n","protected":false},"author":1,"featured_media":5363,"comment_status":"closed","ping_status":"closed","sticky":false,"template":"","format":"standard","meta":{"_jetpack_newsletter_access":"","_jetpack_dont_email_post_to_subs":false,"_jetpack_newsletter_tier_id":0,"_jetpack_memberships_contains_paywalled_content":false,"_jetpack_memberships_contains_paid_content":false,"footnotes":""},"categories":[1],"tags":[],"class_list":["post-13139","post","type-post","status-publish","format-standard","has-post-thumbnail","hentry","category-destaque"],"jetpack_sharing_enabled":true,"jetpack_featured_media_url":"","_links":{"self":[{"href":"https:\/\/www.oparanews.com.br\/index.php\/wp-json\/wp\/v2\/posts\/13139","targetHints":{"allow":["GET"]}}],"collection":[{"href":"https:\/\/www.oparanews.com.br\/index.php\/wp-json\/wp\/v2\/posts"}],"about":[{"href":"https:\/\/www.oparanews.com.br\/index.php\/wp-json\/wp\/v2\/types\/post"}],"author":[{"embeddable":true,"href":"https:\/\/www.oparanews.com.br\/index.php\/wp-json\/wp\/v2\/users\/1"}],"replies":[{"embeddable":true,"href":"https:\/\/www.oparanews.com.br\/index.php\/wp-json\/wp\/v2\/comments?post=13139"}],"version-history":[{"count":0,"href":"https:\/\/www.oparanews.com.br\/index.php\/wp-json\/wp\/v2\/posts\/13139\/revisions"}],"wp:attachment":[{"href":"https:\/\/www.oparanews.com.br\/index.php\/wp-json\/wp\/v2\/media?parent=13139"}],"wp:term":[{"taxonomy":"category","embeddable":true,"href":"https:\/\/www.oparanews.com.br\/index.php\/wp-json\/wp\/v2\/categories?post=13139"},{"taxonomy":"post_tag","embeddable":true,"href":"https:\/\/www.oparanews.com.br\/index.php\/wp-json\/wp\/v2\/tags?post=13139"}],"curies":[{"name":"wp","href":"https:\/\/api.w.org\/{rel}","templated":true}]}}