{"id":13146,"date":"2021-02-22T19:38:46","date_gmt":"2021-02-22T19:38:46","guid":{"rendered":"https:\/\/oparanews.com.br\/?p=13146"},"modified":"2021-02-22T19:38:46","modified_gmt":"2021-02-22T19:38:46","slug":"covid-19-em-alagoas-profissionais-da-saude-continuam-recebendo-a-2a-dose-da-vacina","status":"publish","type":"post","link":"https:\/\/www.oparanews.com.br\/index.php\/2021\/02\/22\/covid-19-em-alagoas-profissionais-da-saude-continuam-recebendo-a-2a-dose-da-vacina\/","title":{"rendered":"Profissionais da sa\u00fade continuam recebendo a 2\u00aa dose da vacina"},"content":{"rendered":"<p>Garantir a imuniza\u00e7\u00e3o dos servidores que est\u00e3o na linha de frente no combate \u00e0 Covid-19 tem sido prioridade para a Secretaria de Estado da Sa\u00fade (Sesau). Por isso, a Sesau d\u00e1 continuidade, nesta segunda-feira (22), ao cronograma de aplica\u00e7\u00e3o da segunda dose da vacina contra o novo coronav\u00edrus para os trabalhadores das unidades de sa\u00fade ligadas ao \u00f3rg\u00e3o.<\/p>\n<p>J\u00e1 s\u00e3o 89.141 alagoanos que est\u00e3o vacinados contra a Covid-19. Desses, 4.456 s\u00e3o profissionais de sa\u00fade da Rede Hospitalar ligados \u00e0 Sesau, que receberam a segunda dose do imunizante. A Sesau deu in\u00edcio \u00e0 aplica\u00e7\u00e3o da segunda dose para os profissionais da linha de frente no de 10 de fevereiro.<\/p>\n<p>O processo de vacina\u00e7\u00e3o est\u00e1 sendo conduzido pelos profissionais do Programa Nacional de Imuniza\u00e7\u00e3o em Alagoas (PNI\/AL), \u00f3rg\u00e3o ligado \u00e0 Sesau. Uma das recomenda\u00e7\u00f5es do PNI\/AL \u00e9 que os servidores retornem a unidade de sa\u00fade em que receberam a primeira dose da vacina com o cart\u00e3o de vacina\u00e7\u00e3o em m\u00e3os.<\/p>\n<p>Os profissionais de sa\u00fade que ainda n\u00e3o tomaram a segunda dose do imunizante no Hospital Regional da Mata (HRM), em Uni\u00e3o dos Palmares; no Hospital de Emerg\u00eancia do Agreste (HE do Agreste), em Arapiraca; na Central de Triagem em Macei\u00f3 e Arapiraca; no Servi\u00e7o de Atendimento M\u00f3vel de Urg\u00eancia (Samu) de Alagoas; e no Hospital Geral do Estado (HGE), poder\u00e3o ser vacinados, nos locais, a partir desta segunda-feira (22).<\/p>\n<p>At\u00e9 a pr\u00f3xima sexta-feira (26), receber\u00e3o a segunda dose, os trabalhadores da sa\u00fade da Central Arapiraca do Samu Alagoas, do Laborat\u00f3rio Central de Alagoas (Lacen\/AL), do Hospital Ib Gatto, da Cl\u00ednica Infantil Daisy Br\u00eada, no Ambulat\u00f3rio 24 horas Denilma Bulh\u00f5es e da Unidade de Pronto Atendimento (UPA) do bairro do Tabuleiro, da Central de Triagem do Sesi e nos ambulat\u00f3rios da Pol\u00edcia Militar e da Casa do Cora\u00e7\u00e3ozinho.<\/p>\n<p>Na pr\u00f3xima semana ser\u00e1 a vez dos servidores da UPA do Jacintinho, Maternidade Nossa Senhora de F\u00e1tima\/ Hospital da Mulher e do Centro de Patologia e Medicina Laboratorial (CPML), com in\u00edcio na pr\u00f3xima segunda-feira (1\u00b0). Os servidores do Hemocentro de Arapiraca (Hemoar) recebem a segunda dose na ter\u00e7a-feira (02), e os profissionais do Hospital Escola Portugal Ramalho, e do Ambulat\u00f3rio 24 horas Dom Miguel Fenelon C\u00e2mara, ser\u00e3o imunizados na quarta-feira (3).<\/p>\n<p>&nbsp;<\/p>\n<p><strong>Fonte: Ag\u00eancia Alagoas<\/strong><\/p>\n<p>&nbsp;<\/p>\n","protected":false},"excerpt":{"rendered":"<p>Garantir a imuniza\u00e7\u00e3o dos servidores que est\u00e3o na linha de frente no combate \u00e0 Covid-19 tem sido prioridade para a Secretaria de Estado da Sa\u00fade (Sesau). Por isso, a Sesau d\u00e1 continuidade, nesta segunda-feira (22), ao cronograma de aplica\u00e7\u00e3o da segunda dose da vacina contra o novo coronav\u00edrus para os trabalhadores das unidades de sa\u00fade &hellip;<\/p>\n","protected":false},"author":1,"featured_media":13147,"comment_status":"closed","ping_status":"closed","sticky":false,"template":"","format":"standard","meta":{"_jetpack_newsletter_access":"","_jetpack_dont_email_post_to_subs":false,"_jetpack_newsletter_tier_id":0,"_jetpack_memberships_contains_paywalled_content":false,"_jetpack_memberships_contains_paid_content":false,"footnotes":""},"categories":[1],"tags":[],"class_list":["post-13146","post","type-post","status-publish","format-standard","has-post-thumbnail","hentry","category-destaque"],"jetpack_sharing_enabled":true,"jetpack_featured_media_url":"","_links":{"self":[{"href":"https:\/\/www.oparanews.com.br\/index.php\/wp-json\/wp\/v2\/posts\/13146","targetHints":{"allow":["GET"]}}],"collection":[{"href":"https:\/\/www.oparanews.com.br\/index.php\/wp-json\/wp\/v2\/posts"}],"about":[{"href":"https:\/\/www.oparanews.com.br\/index.php\/wp-json\/wp\/v2\/types\/post"}],"author":[{"embeddable":true,"href":"https:\/\/www.oparanews.com.br\/index.php\/wp-json\/wp\/v2\/users\/1"}],"replies":[{"embeddable":true,"href":"https:\/\/www.oparanews.com.br\/index.php\/wp-json\/wp\/v2\/comments?post=13146"}],"version-history":[{"count":0,"href":"https:\/\/www.oparanews.com.br\/index.php\/wp-json\/wp\/v2\/posts\/13146\/revisions"}],"wp:attachment":[{"href":"https:\/\/www.oparanews.com.br\/index.php\/wp-json\/wp\/v2\/media?parent=13146"}],"wp:term":[{"taxonomy":"category","embeddable":true,"href":"https:\/\/www.oparanews.com.br\/index.php\/wp-json\/wp\/v2\/categories?post=13146"},{"taxonomy":"post_tag","embeddable":true,"href":"https:\/\/www.oparanews.com.br\/index.php\/wp-json\/wp\/v2\/tags?post=13146"}],"curies":[{"name":"wp","href":"https:\/\/api.w.org\/{rel}","templated":true}]}}