{"id":13164,"date":"2021-02-22T20:06:10","date_gmt":"2021-02-22T20:06:10","guid":{"rendered":"https:\/\/oparanews.com.br\/?p=13164"},"modified":"2021-02-22T20:06:10","modified_gmt":"2021-02-22T20:06:10","slug":"bbb21-nao-to-nem-ai-diz-conka-sobre-julgamento-do-publico","status":"publish","type":"post","link":"https:\/\/www.oparanews.com.br\/index.php\/2021\/02\/22\/bbb21-nao-to-nem-ai-diz-conka-sobre-julgamento-do-publico\/","title":{"rendered":"BBB21: \u2018N\u00e3o t\u00f4 nem a\u00ed\u2019, diz Conk\u00e1 sobre julgamento do p\u00fablico"},"content":{"rendered":"<p>Karol Conk\u00e1 est\u00e1 convicta que ser\u00e1 a eliminada da semana. Emparedada pela l\u00edder Sarah, a rapper enfrenta Arthur e Gilberto para permanecer na casa do Big Brother Brasil. Em conversa com Gil e Lumena, Karol disse que n\u00e3o est\u00e1 preocupada com os \u2018haters\u2019 fora da casa e que n\u00e3o se importa com o julgamento.<\/p>\n<p>\u201cEu n\u00e3o t\u00f4 nem a\u00ed. Espero que todo mundo tenha falado mal de mim pelas minhas costas, porque eu j\u00e1 vivo isso, entendeu? E \u00e9 normal as pessoas falarem mal da gente, [isso] n\u00e3o quer dizer, necessariamente, quer dizer que a gente \u00e9 uma merd* de pessoa\u201d, desabafou.<\/p>\n<p>Lumena concordou com a fala da amiga, dizendo que conversar sobre outras pessoas dentro do jogo \u00e9 comum, devido \u00e0 falta de atividades no dia-a-dia. \u201cAinda mais aqui, n\u00e9 gente? Aqui \u00e9 um fala-fala se n\u00e3o tem nada pra fazer.\u201d<\/p>\n<p>Em uma outra conversa com Projota, Karol disse que \u00e9 grata por estar no programa mas que deseja sair. \u201cAqui \u00e9 muito f\u00e1cil, pra mim, se perder. \u00c9 muito f\u00e1cil adoecer. E eu tive um sonho em que eu ficava louca. N\u00e3o que v\u00e1 ficar louca, mas talvez a minha luz v\u00e1 apagando e n\u00e3o \u00e9 isso que eu quero. Parece que a minha no\u00e7\u00e3o j\u00e1 foi aqui, j\u00e1 deu\u201d, contou.<\/p>\n<p>&nbsp;<\/p>\n<p><strong>Fonte: ISTO \u00c9 Gente<\/strong><\/p>\n<p>&nbsp;<\/p>\n","protected":false},"excerpt":{"rendered":"<p>Karol Conk\u00e1 est\u00e1 convicta que ser\u00e1 a eliminada da semana. Emparedada pela l\u00edder Sarah, a rapper enfrenta Arthur e Gilberto para permanecer na casa do Big Brother Brasil. Em conversa com Gil e Lumena, Karol disse que n\u00e3o est\u00e1 preocupada com os \u2018haters\u2019 fora da casa e que n\u00e3o se importa com o julgamento. \u201cEu &hellip;<\/p>\n","protected":false},"author":1,"featured_media":13165,"comment_status":"closed","ping_status":"closed","sticky":false,"template":"","format":"standard","meta":{"_jetpack_newsletter_access":"","_jetpack_dont_email_post_to_subs":false,"_jetpack_newsletter_tier_id":0,"_jetpack_memberships_contains_paywalled_content":false,"_jetpack_memberships_contains_paid_content":false,"footnotes":""},"categories":[1],"tags":[],"class_list":["post-13164","post","type-post","status-publish","format-standard","has-post-thumbnail","hentry","category-destaque"],"jetpack_sharing_enabled":true,"jetpack_featured_media_url":"","_links":{"self":[{"href":"https:\/\/www.oparanews.com.br\/index.php\/wp-json\/wp\/v2\/posts\/13164","targetHints":{"allow":["GET"]}}],"collection":[{"href":"https:\/\/www.oparanews.com.br\/index.php\/wp-json\/wp\/v2\/posts"}],"about":[{"href":"https:\/\/www.oparanews.com.br\/index.php\/wp-json\/wp\/v2\/types\/post"}],"author":[{"embeddable":true,"href":"https:\/\/www.oparanews.com.br\/index.php\/wp-json\/wp\/v2\/users\/1"}],"replies":[{"embeddable":true,"href":"https:\/\/www.oparanews.com.br\/index.php\/wp-json\/wp\/v2\/comments?post=13164"}],"version-history":[{"count":0,"href":"https:\/\/www.oparanews.com.br\/index.php\/wp-json\/wp\/v2\/posts\/13164\/revisions"}],"wp:attachment":[{"href":"https:\/\/www.oparanews.com.br\/index.php\/wp-json\/wp\/v2\/media?parent=13164"}],"wp:term":[{"taxonomy":"category","embeddable":true,"href":"https:\/\/www.oparanews.com.br\/index.php\/wp-json\/wp\/v2\/categories?post=13164"},{"taxonomy":"post_tag","embeddable":true,"href":"https:\/\/www.oparanews.com.br\/index.php\/wp-json\/wp\/v2\/tags?post=13164"}],"curies":[{"name":"wp","href":"https:\/\/api.w.org\/{rel}","templated":true}]}}