{"id":13167,"date":"2021-02-22T20:09:06","date_gmt":"2021-02-22T20:09:06","guid":{"rendered":"https:\/\/oparanews.com.br\/?p=13167"},"modified":"2021-02-22T20:09:06","modified_gmt":"2021-02-22T20:09:06","slug":"ama-defende-vacinacao-em-professores-para-o-retorno-das-aulas","status":"publish","type":"post","link":"https:\/\/www.oparanews.com.br\/index.php\/2021\/02\/22\/ama-defende-vacinacao-em-professores-para-o-retorno-das-aulas\/","title":{"rendered":"AMA defende vacina\u00e7\u00e3o em professores para o retorno das aulas"},"content":{"rendered":"<p>Com a proximidade do retorno das aulas, o vice-presidente da Associa\u00e7\u00e3o dos Munic\u00edpios Alagoanos (AMA), prefeito e m\u00e9dico Fernando S\u00e9rgio Lira, destaca que pode haver o adiamento, se os casos continuarem aumentando e se n\u00e3o houver perspectivas de vacina\u00e7\u00e3o dos professores.<\/p>\n<p>A Confedera\u00e7\u00e3o Nacional dos Munic\u00edpios (CNM) solicitou ao Minist\u00e9rio da Sa\u00fade que os professores sejam inclu\u00eddos no grupo 2 da campanha de vacina\u00e7\u00e3o. Hoje, a previs\u00e3o \u00e9 que esses profissionais sejam imunizados na fase 4.<\/p>\n<p>\u201cA realidade dos pequenos munic\u00edpios \u00e9 diferente dos grandes. As pessoas n\u00e3o est\u00e3o aguentando o confinamento, as crian\u00e7as est\u00e3o em casa, muitas delas sendo agredidas, violentadas, isso t\u00e1 criando uma patologia social. Por isso, estamos nos esfor\u00e7ando para eles voltarem\u201d, destacou o prefeito, Fernando Sergio, que coordena as a\u00e7\u00f5es de sa\u00fade na AMA.<\/p>\n<p>O presidente da CNM, Glademir Aroldi, destacou que os gestores locais est\u00e3o sofrendo press\u00e3o da sociedade e da imprensa para a retomada das aulas, mas disse que \u00e9 necess\u00e1rio vacinar os profissionais da educa\u00e7\u00e3o para possibilitar isso, assim como t\u00eam realizado outros pa\u00edses.<\/p>\n<p>\u201cEstamos com a imprensa em cima dos prefeitos para a retomada das atividades escolares, mas os professores e outros profissionais da educa\u00e7\u00e3o n\u00e3o est\u00e3o inclu\u00eddos nas fases iniciais. Pedimos isso ao Minist\u00e9rio tamb\u00e9m, mas o \u00fanico retorno da pasta \u00e9 o cancelamento das nossas agendas\u201d, lamentou Aroldi.<\/p>\n<p>&nbsp;<\/p>\n<p><strong>Fonte: Ascom AMA<\/strong><\/p>\n<p>&nbsp;<\/p>\n","protected":false},"excerpt":{"rendered":"<p>Com a proximidade do retorno das aulas, o vice-presidente da Associa\u00e7\u00e3o dos Munic\u00edpios Alagoanos (AMA), prefeito e m\u00e9dico Fernando S\u00e9rgio Lira, destaca que pode haver o adiamento, se os casos continuarem aumentando e se n\u00e3o houver perspectivas de vacina\u00e7\u00e3o dos professores. A Confedera\u00e7\u00e3o Nacional dos Munic\u00edpios (CNM) solicitou ao Minist\u00e9rio da Sa\u00fade que os professores &hellip;<\/p>\n","protected":false},"author":1,"featured_media":13168,"comment_status":"closed","ping_status":"closed","sticky":false,"template":"","format":"standard","meta":{"_jetpack_newsletter_access":"","_jetpack_dont_email_post_to_subs":false,"_jetpack_newsletter_tier_id":0,"_jetpack_memberships_contains_paywalled_content":false,"_jetpack_memberships_contains_paid_content":false,"footnotes":""},"categories":[1],"tags":[],"class_list":["post-13167","post","type-post","status-publish","format-standard","has-post-thumbnail","hentry","category-destaque"],"jetpack_sharing_enabled":true,"jetpack_featured_media_url":"","_links":{"self":[{"href":"https:\/\/www.oparanews.com.br\/index.php\/wp-json\/wp\/v2\/posts\/13167","targetHints":{"allow":["GET"]}}],"collection":[{"href":"https:\/\/www.oparanews.com.br\/index.php\/wp-json\/wp\/v2\/posts"}],"about":[{"href":"https:\/\/www.oparanews.com.br\/index.php\/wp-json\/wp\/v2\/types\/post"}],"author":[{"embeddable":true,"href":"https:\/\/www.oparanews.com.br\/index.php\/wp-json\/wp\/v2\/users\/1"}],"replies":[{"embeddable":true,"href":"https:\/\/www.oparanews.com.br\/index.php\/wp-json\/wp\/v2\/comments?post=13167"}],"version-history":[{"count":0,"href":"https:\/\/www.oparanews.com.br\/index.php\/wp-json\/wp\/v2\/posts\/13167\/revisions"}],"wp:attachment":[{"href":"https:\/\/www.oparanews.com.br\/index.php\/wp-json\/wp\/v2\/media?parent=13167"}],"wp:term":[{"taxonomy":"category","embeddable":true,"href":"https:\/\/www.oparanews.com.br\/index.php\/wp-json\/wp\/v2\/categories?post=13167"},{"taxonomy":"post_tag","embeddable":true,"href":"https:\/\/www.oparanews.com.br\/index.php\/wp-json\/wp\/v2\/tags?post=13167"}],"curies":[{"name":"wp","href":"https:\/\/api.w.org\/{rel}","templated":true}]}}