{"id":13185,"date":"2021-02-23T12:11:41","date_gmt":"2021-02-23T12:11:41","guid":{"rendered":"https:\/\/oparanews.com.br\/?p=13185"},"modified":"2021-02-23T12:11:41","modified_gmt":"2021-02-23T12:11:41","slug":"vasco-trabalha-cenario-de-serie-b-e-perda-de-ate-r-100-mi","status":"publish","type":"post","link":"https:\/\/www.oparanews.com.br\/index.php\/2021\/02\/23\/vasco-trabalha-cenario-de-serie-b-e-perda-de-ate-r-100-mi\/","title":{"rendered":"Vasco trabalha cen\u00e1rio de S\u00e9rie B e perda de at\u00e9 R$ 100 mi"},"content":{"rendered":"<p>Em longa reuni\u00e3o realizada em S\u00e3o Janu\u00e1rio entre 15h e 19h desta segunda-feira, Jorge Salgado, todos os vice-presidentes do clube, o CEO Luiz Mello e o executivo de futebol Alexandre P\u00e1ssaro sentaram-se para planejar o cen\u00e1rio da Segunda Divis\u00e3o, j\u00e1 que o Vasco est\u00e1 virtualmente rebaixado no Campeonato Brasileiro.<\/p>\n<p>Quando elaborou o Plano de 100 dias e posteriormente o Plano de 15 dias para tentar salvar o clube da degola, a diretoria sempre trabalhou com a perman\u00eancia na elite do futebol brasileiro. Os resultados n\u00e3o vieram, e o iminente rebaixamento teve efeito de &#8220;meteoro&#8221;, termo utilizado durante o encontro desta segunda-feira, no Vasco.<\/p>\n<p>Com o &#8220;impacto mete\u00f3rico&#8221;, n\u00e3o restou outra alternativa \u00e0 dire\u00e7\u00e3o. A pauta principal da reuni\u00e3o foram sim os impactos da S\u00e9rie B. O mais significativo deles \u00e9 a estimativa de uma perda que varia de R$ 80 milh\u00f5es a R$ 100 milh\u00f5es em receitas.<\/p>\n<p>A quest\u00e3o financeira norteou a conversa, tanto que Adriano Mendes, VP de Finan\u00e7as e Estrat\u00e9gia, e sua equipe apresentaram diversos cen\u00e1rios. Entre eles est\u00e3o corte de pessoal e de despesas, mas fundamentalmente uma reforma estrutural.<\/p>\n<p>Salgado e seus vices sa\u00edram da reuni\u00e3o com a impress\u00e3o de que, embora tenham de administrar uma &#8220;trag\u00e9dia&#8221; representada pelo rebaixamento, a crise vai obrigar a remodelagem de todo o funcionamento do clube com uma extensa reforma estrutural.<\/p>\n<p>A diretoria prioriza dentro dessa transforma\u00e7\u00e3o proposta mudan\u00e7as no estatuto, melhoria no relacionamento com o s\u00f3cio e se tornar um clube sustent\u00e1vel. O grupo entende que tal atitude n\u00e3o foi tomada especialmente nos tr\u00eas \u00faltimos anos e, por isso, o Vasco est\u00e1 \u00e0 beira do quarto rebaixamento.<\/p>\n<p>VP de marketing, Vitor Roma, que esteve na reuni\u00e3o, manifestou-se via Twitter. N\u00e3o fez alus\u00e3o direta somente \u00e0 gest\u00e3o de Alexandre Campello, mas tamb\u00e9m \u00e0s de Roberto Dinamite e Eurico Miranda, que participaram dos outros tr\u00eas rebaixamentos.<\/p>\n<p>&#8211; Como vasca\u00edno, nesse momento a dor \u00e9 profunda. Todo o sentimento de indigna\u00e7\u00e3o e tristeza da torcida \u00e9 absolutamente leg\u00edtimo. A torcida \u00e9 a raz\u00e3o de ser do Vasco e todo sentimento que vem dela \u00e9 sagrado. Vamos trabalhar e muito pra promover as mudan\u00e7as necess\u00e1rias para que o Vasco retome o seu lugar de protagonista.<\/p>\n<p>&#8211; O clube teve tr\u00eas chances para se reconstruir e falhou em todas. N\u00e3o falharemos nessa. Tentamos dar condi\u00e7\u00f5es para que este grupo sa\u00edsse dessa: duas folhas em 20 dias, Ben\u00edtez por empr\u00e9stimo, treinador e diretor de futebol; nos esfor\u00e7amos para dar a estrutura que precisavam (Atibaia, concentra\u00e7\u00e3o integral, bichos, voo fretado, etc). A equipe n\u00e3o conseguiu reagir. \u00c9 hora de falar pouco e entregar muito. E mesmo assim ser\u00e1 menos do que a torcida do Vasco merece depois de tantos anos sofrendo. A mudan\u00e7a definitiva come\u00e7a agora &#8211; afirmou Roma.<\/p>\n<p>O presidente Jorge Salgado s\u00f3 falar\u00e1 oficialmente na pr\u00f3xima sexta-feira, quando conceder\u00e1 entrevista coletiva j\u00e1 com o cen\u00e1rio da pr\u00f3xima temporada desenhado. Ele provavelmente dividir\u00e1 a mesa com Carlos Roberto Os\u00f3rio e Roberto Duque Estrada, primeiro e segundo vices-presidentes respectivamente.<\/p>\n<p>Essas palavras de Roma refor\u00e7am o sentimento da nova diretoria do Vasco. Para eles, a conta que o clube est\u00e1 pagando n\u00e3o \u00e9 dessa gest\u00e3o. No entendimento de Salgado e seus pares, o problema adv\u00e9m da tumultuada elei\u00e7\u00e3o de 2018, na Lagoa, quando Campello foi eleito ap\u00f3s ruptura com Julio Brant.<\/p>\n<p>Luxa e elenco de 2021 ainda indefinidos<\/p>\n<p>Embora Alexandre P\u00e1ssaro, homem forte do futebol, tenha participado da reuni\u00e3o para tra\u00e7ar metas com vistas \u00e0 S\u00e9rie B, pessoas que estiveram no encontro garantem que o futuro de Vanderlei Luxemburgo ainda n\u00e3o foi definido. Cortes de atletas ou contrata\u00e7\u00f5es para o plantel que disputar\u00e1 a pr\u00f3xima temporada tamb\u00e9m n\u00e3o foram definidos.<\/p>\n<p>Sal\u00e1rios sem previs\u00e3o<\/p>\n<p>Outra preocupa\u00e7\u00e3o que Jorge Salgado sempre refor\u00e7a em entrevistas \u00e9 a necessidade de manter os sal\u00e1rios em dia. Atualmente o d\u00e9bito do clube com atletas e funcion\u00e1rios \u00e9 de tr\u00eas meses: dezembro, janeiro e o 13\u00ba. A \u00faltima folha, ali\u00e1s, venceu nesta segunda-feira em acordo formal feito entre diretorias anteriores e o grupo de colaboradores.<\/p>\n<p>A possibilidade de diminuir essa d\u00edvida foi aventada durante a reuni\u00e3o, o departamento financeiro tratou do tema, mas todos sa\u00edram com a impress\u00e3o de que n\u00e3o haver\u00e1 pagamentos at\u00e9 sexta-feira.<\/p>\n<p>O Vasco contava com a premia\u00e7\u00e3o que todos os clubes que permanecem na S\u00e9rie A t\u00eam direito para pagar os d\u00e9bitos com funcion\u00e1rios e departamento de futebol. O 16\u00ba colocado, por exemplo, leva R$ 11 milh\u00f5es. Com o planejamento voltado para a S\u00e9rie B, a dire\u00e7\u00e3o ter\u00e1 de ir atr\u00e1s de outros recursos para tentar quitar essa pend\u00eancia.<\/p>\n<p>Esperan\u00e7a viva de impugnar Vasco 0x2 Inter<\/p>\n<p>O departamento jur\u00eddico tamb\u00e9m teve papel importante na reuni\u00e3o desta sexta-feira. Fizeram uma longa apresenta\u00e7\u00e3o de como pretendem impugnar a derrota por 2 a 0 para o Internacional, sofrida no \u00faltimo dia 14. Na ocasi\u00e3o, Rodrigo Dourado marcou gol em posi\u00e7\u00e3o duvidosa, e n\u00e3o houve checagem pelo VAR.<\/p>\n<p>O Vasco ainda n\u00e3o recebeu o material da CBF com os \u00e1udios e v\u00eddeos do VAR daquela partida. Vale lembrar que no \u00faltimo s\u00e1bado o STJD intimou a entidade que controla o futebol brasileiro a encaminh\u00e1-lo ao clube.<\/p>\n<p>A dire\u00e7\u00e3o entende que, dependendo do que receber\u00e1 e consequentemente utilizar\u00e1 como prova, \u00e9 poss\u00edvel, sim, anular o jogo entre Vasco e Internacional.<\/p>\n<p>&nbsp;<\/p>\n<p><strong>Fonte: GE<\/strong><\/p>\n<p>&nbsp;<\/p>\n","protected":false},"excerpt":{"rendered":"<p>Em longa reuni\u00e3o realizada em S\u00e3o Janu\u00e1rio entre 15h e 19h desta segunda-feira, Jorge Salgado, todos os vice-presidentes do clube, o CEO Luiz Mello e o executivo de futebol Alexandre P\u00e1ssaro sentaram-se para planejar o cen\u00e1rio da Segunda Divis\u00e3o, j\u00e1 que o Vasco est\u00e1 virtualmente rebaixado no Campeonato Brasileiro. Quando elaborou o Plano de 100 &hellip;<\/p>\n","protected":false},"author":1,"featured_media":13186,"comment_status":"closed","ping_status":"closed","sticky":false,"template":"","format":"standard","meta":{"_jetpack_newsletter_access":"","_jetpack_dont_email_post_to_subs":false,"_jetpack_newsletter_tier_id":0,"_jetpack_memberships_contains_paywalled_content":false,"_jetpack_memberships_contains_paid_content":false,"footnotes":""},"categories":[1],"tags":[],"class_list":["post-13185","post","type-post","status-publish","format-standard","has-post-thumbnail","hentry","category-destaque"],"jetpack_sharing_enabled":true,"jetpack_featured_media_url":"","_links":{"self":[{"href":"https:\/\/www.oparanews.com.br\/index.php\/wp-json\/wp\/v2\/posts\/13185","targetHints":{"allow":["GET"]}}],"collection":[{"href":"https:\/\/www.oparanews.com.br\/index.php\/wp-json\/wp\/v2\/posts"}],"about":[{"href":"https:\/\/www.oparanews.com.br\/index.php\/wp-json\/wp\/v2\/types\/post"}],"author":[{"embeddable":true,"href":"https:\/\/www.oparanews.com.br\/index.php\/wp-json\/wp\/v2\/users\/1"}],"replies":[{"embeddable":true,"href":"https:\/\/www.oparanews.com.br\/index.php\/wp-json\/wp\/v2\/comments?post=13185"}],"version-history":[{"count":0,"href":"https:\/\/www.oparanews.com.br\/index.php\/wp-json\/wp\/v2\/posts\/13185\/revisions"}],"wp:attachment":[{"href":"https:\/\/www.oparanews.com.br\/index.php\/wp-json\/wp\/v2\/media?parent=13185"}],"wp:term":[{"taxonomy":"category","embeddable":true,"href":"https:\/\/www.oparanews.com.br\/index.php\/wp-json\/wp\/v2\/categories?post=13185"},{"taxonomy":"post_tag","embeddable":true,"href":"https:\/\/www.oparanews.com.br\/index.php\/wp-json\/wp\/v2\/tags?post=13185"}],"curies":[{"name":"wp","href":"https:\/\/api.w.org\/{rel}","templated":true}]}}