{"id":13197,"date":"2021-02-23T12:29:42","date_gmt":"2021-02-23T12:29:42","guid":{"rendered":"https:\/\/oparanews.com.br\/?p=13197"},"modified":"2021-02-23T12:29:42","modified_gmt":"2021-02-23T12:29:42","slug":"crb-muda-de-novo-e-eleicao-volta-para-o-dia-5-de-marco","status":"publish","type":"post","link":"https:\/\/www.oparanews.com.br\/index.php\/2021\/02\/23\/crb-muda-de-novo-e-eleicao-volta-para-o-dia-5-de-marco\/","title":{"rendered":"CRB muda de novo e elei\u00e7\u00e3o volta para o dia 5 de mar\u00e7o"},"content":{"rendered":"<p>Mudou de novo! O presidente do Conselho Deliberativo do CRB, Kennedy Calheiros, confirmou nessa segunda-feira (22), por meio de nota informativa, que a elei\u00e7\u00e3o do clube est\u00e1 mantida para o dia 5 de mar\u00e7o. Ele publicou uma errata, tornando sem efeito a antecipa\u00e7\u00e3o da elei\u00e7\u00e3o marcada para o dia 24 de fevereiro. Assim, n\u00e3o ser\u00e1 mais nesta quarta-feira (24), como havia sido anunciado, na semana passada, pelo pr\u00f3prio dirigente.<\/p>\n<p>Desta forma, a reuni\u00e3o ordin\u00e1ria ser\u00e1 realizada \u00e0s 18 horas, em primeira convoca\u00e7\u00e3o. E, em segunda chamada, \u00e0s 20 horas do pr\u00f3ximo dia 5 (sexta-feira), com qualquer n\u00famero de conselheiros presentes. A elei\u00e7\u00e3o ocorrer\u00e1 na sede da Associa\u00e7\u00e3o Comercial de Macei\u00f3, em Jaragu\u00e1.<\/p>\n<p>A chapa \u00fanica, denominada &#8220;Avante, Galo!&#8221;, \u00e9 encabe\u00e7ada pelo engenheiro M\u00e1rio Marroquim e deve ser aclamada para comandar o Alvirrubro nos pr\u00f3ximos dois anos.<\/p>\n<p>Al\u00e9m de M\u00e1rio Marroquim, a chapa \u00e9 composta pelos conselheiros Carlos Rubens de Oliveira Sobrinho (1\u00ba vice-presidente do Conselho Diretor), Jos\u00e9 Enaldo Marques Silva (coordenador do Comit\u00ea Gestor) e Fernando Carlos Ara\u00fajo de Paiva (subcoordenador do Comit\u00ea Gestor).<\/p>\n<p>&nbsp;<\/p>\n<p><strong>Fonte: Gazetaweb<\/strong><\/p>\n<p>&nbsp;<\/p>\n","protected":false},"excerpt":{"rendered":"<p>Mudou de novo! O presidente do Conselho Deliberativo do CRB, Kennedy Calheiros, confirmou nessa segunda-feira (22), por meio de nota informativa, que a elei\u00e7\u00e3o do clube est\u00e1 mantida para o dia 5 de mar\u00e7o. Ele publicou uma errata, tornando sem efeito a antecipa\u00e7\u00e3o da elei\u00e7\u00e3o marcada para o dia 24 de fevereiro. Assim, n\u00e3o ser\u00e1 &hellip;<\/p>\n","protected":false},"author":1,"featured_media":13198,"comment_status":"closed","ping_status":"closed","sticky":false,"template":"","format":"standard","meta":{"_jetpack_newsletter_access":"","_jetpack_dont_email_post_to_subs":false,"_jetpack_newsletter_tier_id":0,"_jetpack_memberships_contains_paywalled_content":false,"_jetpack_memberships_contains_paid_content":false,"footnotes":""},"categories":[1],"tags":[],"class_list":["post-13197","post","type-post","status-publish","format-standard","has-post-thumbnail","hentry","category-destaque"],"jetpack_sharing_enabled":true,"jetpack_featured_media_url":"","_links":{"self":[{"href":"https:\/\/www.oparanews.com.br\/index.php\/wp-json\/wp\/v2\/posts\/13197","targetHints":{"allow":["GET"]}}],"collection":[{"href":"https:\/\/www.oparanews.com.br\/index.php\/wp-json\/wp\/v2\/posts"}],"about":[{"href":"https:\/\/www.oparanews.com.br\/index.php\/wp-json\/wp\/v2\/types\/post"}],"author":[{"embeddable":true,"href":"https:\/\/www.oparanews.com.br\/index.php\/wp-json\/wp\/v2\/users\/1"}],"replies":[{"embeddable":true,"href":"https:\/\/www.oparanews.com.br\/index.php\/wp-json\/wp\/v2\/comments?post=13197"}],"version-history":[{"count":0,"href":"https:\/\/www.oparanews.com.br\/index.php\/wp-json\/wp\/v2\/posts\/13197\/revisions"}],"wp:attachment":[{"href":"https:\/\/www.oparanews.com.br\/index.php\/wp-json\/wp\/v2\/media?parent=13197"}],"wp:term":[{"taxonomy":"category","embeddable":true,"href":"https:\/\/www.oparanews.com.br\/index.php\/wp-json\/wp\/v2\/categories?post=13197"},{"taxonomy":"post_tag","embeddable":true,"href":"https:\/\/www.oparanews.com.br\/index.php\/wp-json\/wp\/v2\/tags?post=13197"}],"curies":[{"name":"wp","href":"https:\/\/api.w.org\/{rel}","templated":true}]}}